{"id":26043,"date":"2025-01-22T15:00:00","date_gmt":"2025-01-22T14:00:00","guid":{"rendered":"https:\/\/www.brueggen.com\/?p=26043"},"modified":"2026-02-20T23:23:03","modified_gmt":"2026-02-20T22:23:03","slug":"neujahrsempfang-der-ihk-zu-luebeck-2025","status":"publish","type":"post","link":"https:\/\/www.brueggen.com\/de\/neujahrsempfang-der-ihk-zu-luebeck-2025\/","title":{"rendered":"Neujahrsempfang der IHK zu L\u00fcbeck 2025\u00a0"},"content":{"rendered":"\t\t<div data-elementor-type=\"wp-post\" data-elementor-id=\"26043\" class=\"elementor elementor-26043\" data-elementor-post-type=\"post\">\n\t\t\t\t<div class=\"elementor-element elementor-element-4b17103 e-flex e-con-boxed e-con e-parent\" data-id=\"4b17103\" data-element_type=\"container\" data-e-type=\"container\">\n\t\t\t\t\t<div class=\"e-con-inner\">\n\t\t\t\t<div class=\"elementor-element elementor-element-13f1845 elementor-widget elementor-widget-heading\" data-id=\"13f1845\" data-element_type=\"widget\" data-e-type=\"widget\" data-widget_type=\"heading.default\">\n\t\t\t\t\t<h1 class=\"elementor-heading-title elementor-size-default\">Neujahrsempfang der IHK zu L\u00fcbeck 2025<\/h1>\t\t\t\t<\/div>\n\t\t\t\t<div class=\"elementor-element elementor-element-bc75b7c elementor-widget elementor-widget-heading\" data-id=\"bc75b7c\" data-element_type=\"widget\" data-e-type=\"widget\" data-widget_type=\"heading.default\">\n\t\t\t\t\t<h3 class=\"elementor-heading-title elementor-size-default\">Jochen Br\u00fcggen \u00fcber die aktuelle geopolitische Lage und ihre Auswirkungen auf Unternehmen.\n<\/h3>\t\t\t\t<\/div>\n\t\t\t\t\t<\/div>\n\t\t\t\t<\/div>\n\t\t<div class=\"elementor-element elementor-element-bd3ce3b e-flex e-con-boxed e-con e-parent\" data-id=\"bd3ce3b\" data-element_type=\"container\" data-e-type=\"container\">\n\t\t\t\t\t<div class=\"e-con-inner\">\n\t\t<div class=\"elementor-element elementor-element-579c746 e-con-full e-flex e-con e-child\" data-id=\"579c746\" data-element_type=\"container\" data-e-type=\"container\">\n\t\t\t\t<div class=\"elementor-element elementor-element-274b8b9 elementor-widget elementor-widget-text-editor\" data-id=\"274b8b9\" data-element_type=\"widget\" data-e-type=\"widget\" data-widget_type=\"text-editor.default\">\n\t\t\t\t\t\t\t\t\t<p><span data-contrast=\"auto\">Am vergangenen Mittwoch, den 15. Januar 2025, lud die Industrie- und Handelskammer (IHK) zu L\u00fcbeck zum allj\u00e4hrlichen Neujahrsempfang. Neben zahlreichen G\u00e4sten aus Wirtschaft und Politik hatte auch unser Gesch\u00e4ftsf\u00fchrer Jochen Br\u00fcggen die Gelegenheit, sich in einer kurzen Videobotschaft zu aktuellen sicherheitspolitischen Themen zu \u00e4u\u00dfern, die auch unseren Bereich beeinflussen.\u00a0<br \/><\/span><span data-contrast=\"auto\">In seinem Beitrag sprach er von der zunehmenden Bedrohung durch Cyberkriminalit\u00e4t und geopolitische Spannungen f\u00fcr Betriebe wie Br\u00fcggen. \u201eWir investieren heute Millionen in die Absicherung vor Cyberangriffen\u201c, erkl\u00e4rte Jochen Br\u00fcggen. Besonders beunruhigend finde er \u201edie j\u00fcngsten Entwicklungen in der Ostsee, wo sowohl Daten- als auch Energienetze zunehmend gef\u00e4hrdet sind.\u201c Diese kritische Lage betrifft uns als Unternehmen direkt, da wir auf stabile Lieferketten und eine sichere digitale Infrastruktur angewiesen sind.<\/span><span data-ccp-props=\"{}\">\u00a0<br \/><\/span><span data-contrast=\"auto\">Dar\u00fcber hinaus machte<\/span><span data-contrast=\"none\"> Jochen Br\u00fcggen <\/span><span data-contrast=\"auto\">deutlich, dass Unternehmen wie unseres auch dann leiden, wenn es durch politische Krisen zur Blockierung globaler Lieferwege kommt. Als Beispiel nannte er die aktuellen geo\u00f6konomischen Spannungen im Roten Meer, wo durch Konflikte wichtige Handelsrouten und Seewege versperrt sind, was zu erheblichen Beeintr\u00e4chtigungen f\u00fcr den Warenverkehr f\u00fchrt.\u00a0<\/span><span data-ccp-props=\"{}\">\u00a0<br \/><\/span><span data-contrast=\"auto\">Die wirtschaftlichen Rahmenbedingungen in Deutschland und Europa sind durch politische Unruhen in den letzten Jahren deutlich komplexer geworden und sorgen f\u00fcr eine neue Dimension der Unsicherheit in vielen Bereichen. Mit seiner Stellungnahme weist unser Gesch\u00e4ftsf\u00fchrer daher auf ein Thema hin, welches heute aktueller denn je ist und unterstreicht die Dringlichkeit, sich als Unternehmen proaktiv mit den sich stetig ver\u00e4ndernden politischen und wirtschaftlichen Bedingungen auseinanderzusetzen.<\/span><span data-ccp-props=\"{}\">\u00a0<br \/><\/span><span data-contrast=\"auto\">Auch der Pr\u00e4ses der IHK ermutigte in seiner Anmoderation dazu, wachsam zu bleiben und die notwendigen Vorkehrungen zu treffen, um in dieser sich schnell ver\u00e4ndernden Welt agil und widerstandsf\u00e4hig zu zeigen. Auch Br\u00fcggen stellt sich den Herausforderungen unserer Zeit entschlossen. Durch Investitionen in Sicherheitsinfrastrukturen und digitale Transformation st\u00e4rken wir unsere Resilienz und bleiben zukunftsf\u00e4hig und zuversichtlich.\u00a0<\/span><span data-ccp-props=\"{}\">\u00a0<\/span><\/p>\t\t\t\t\t\t\t\t<\/div>\n\t\t\t\t<\/div>\n\t\t\t\t\t<\/div>\n\t\t\t\t<\/div>\n\t\t<div class=\"elementor-element elementor-element-9010cfa e-flex e-con-boxed e-con e-parent\" data-id=\"9010cfa\" data-element_type=\"container\" data-e-type=\"container\">\n\t\t\t\t\t<div class=\"e-con-inner\">\n\t\t\t\t<div class=\"elementor-element elementor-element-762be10 elementor-widget elementor-widget-heading\" data-id=\"762be10\" data-element_type=\"widget\" data-e-type=\"widget\" data-widget_type=\"heading.default\">\n\t\t\t\t\t<h2 class=\"elementor-heading-title elementor-size-default\">Interesse an einer Zusammenarbeit?<\/h2>\t\t\t\t<\/div>\n\t\t\t\t\t<\/div>\n\t\t\t\t<\/div>\n\t\t<div class=\"elementor-element elementor-element-777a699 e-flex e-con-boxed e-con e-parent\" data-id=\"777a699\" data-element_type=\"container\" data-e-type=\"container\">\n\t\t\t\t\t<div class=\"e-con-inner\">\n\t\t<div class=\"elementor-element elementor-element-57d37f2 e-con-full e-flex e-con e-child\" data-id=\"57d37f2\" data-element_type=\"container\" data-e-type=\"container\">\n\t\t\t\t<div class=\"elementor-element elementor-element-220c75a icon-box ekit-equal-height-enable elementor-widget elementor-widget-elementskit-icon-box\" data-id=\"220c75a\" data-element_type=\"widget\" data-e-type=\"widget\" data-widget_type=\"elementskit-icon-box.default\">\n\t\t\t\t\t<div class=\"ekit-wid-con\" >        <!-- link opening -->\n                <!-- end link opening -->\n\n        <div class=\"elementskit-infobox text-center text- icon-lef-right-aligin elementor-animation-   \">\n                        <div class=\"box-body\">\n                            <h3 class=\"elementskit-info-box-title\">\n                    Kundenanfrage                <\/h3>\n                        \t\t  \t<p>M\u00f6chtest du bei uns M\u00fcsli, Haferflocken etc. einkaufen? Dann melde dich bei unserem Sales-Team.<\/p>\n                                        <div class=\"box-footer disable_hover_button\">\n                    <div class=\"btn-wraper\">\n                                                            <a class=\"elementskit-btn whitespace--normal\" href=\"https:\/\/forms.office.com\/Pages\/ResponsePage.aspx?id=Q1v9c5C9SUWaNjZ8OogWuZZ6oKWrdUZHv6GeOtPiunxUNVZOOEo4U1NXU1A1U1Y4NVY4SU8zU0E1WC4u\" target=\"_blank\" rel=\"noopener\">\n                                                                                Zum Formular                                    <\/a>\n                                                        <\/div>\n                <\/div>\n                    <\/div>\n        \n        \n                <\/div>\n        <\/div>\t\t\t\t<\/div>\n\t\t\t\t<\/div>\n\t\t<div class=\"elementor-element elementor-element-a3c0490 e-con-full e-flex e-con e-child\" data-id=\"a3c0490\" data-element_type=\"container\" data-e-type=\"container\">\n\t\t\t\t<div class=\"elementor-element elementor-element-aed43c7 icon-box ekit-equal-height-enable elementor-widget elementor-widget-elementskit-icon-box\" data-id=\"aed43c7\" data-element_type=\"widget\" data-e-type=\"widget\" data-widget_type=\"elementskit-icon-box.default\">\n\t\t\t\t\t<div class=\"ekit-wid-con\" >        <!-- link opening -->\n                <!-- end link opening -->\n\n        <div class=\"elementskit-infobox text-center text- icon-lef-right-aligin elementor-animation-   \">\n                        <div class=\"box-body\">\n                            <h3 class=\"elementskit-info-box-title\">\n                    Lieferantenanfrage                <\/h3>\n                        \t\t  \t<p>Du lieferst Hafer, Schokolade, technische Anlagen etc.? Dann beginne deine Partnerschaft mit uns jetzt!<\/p>\n                                        <div class=\"box-footer disable_hover_button\">\n                    <div class=\"btn-wraper\">\n                                                            <a class=\"elementskit-btn whitespace--normal\" href=\"https:\/\/forms.office.com\/Pages\/ResponsePage.aspx?id=Q1v9c5C9SUWaNjZ8OogWuQJDLRy0ug5AvHL-545LelxUMFcyOTJWVzlKTTExRE1ZR1JMUlpZTU01MiQlQCN0PWcu\" target=\"_blank\" rel=\"noopener\">\n                                                                                Zum Formular                                    <\/a>\n                                                        <\/div>\n                <\/div>\n                    <\/div>\n        \n        \n                <\/div>\n        <\/div>\t\t\t\t<\/div>\n\t\t\t\t<\/div>\n\t\t\t\t\t<\/div>\n\t\t\t\t<\/div>\n\t\t<div class=\"elementor-element elementor-element-fad7f2a e-flex e-con-boxed e-con e-parent\" data-id=\"fad7f2a\" data-element_type=\"container\" data-e-type=\"container\">\n\t\t\t\t\t<div class=\"e-con-inner\">\n\t\t\t\t<div class=\"elementor-element elementor-element-f6dbd87 elementor-widget elementor-widget-heading\" data-id=\"f6dbd87\" data-element_type=\"widget\" data-e-type=\"widget\" data-widget_type=\"heading.default\">\n\t\t\t\t\t<h2 class=\"elementor-heading-title elementor-size-default\">Mehr Neuigkeiten<\/h2>\t\t\t\t<\/div>\n\t\t\t\t\t<\/div>\n\t\t\t\t<\/div>\n\t\t<div class=\"elementor-element elementor-element-8e1a377 e-flex e-con-boxed e-con e-parent\" data-id=\"8e1a377\" data-element_type=\"container\" data-e-type=\"container\">\n\t\t\t\t\t<div class=\"e-con-inner\">\n\t\t<div class=\"elementor-element elementor-element-5519ded e-con-full e-flex e-con e-child\" data-id=\"5519ded\" data-element_type=\"container\" data-e-type=\"container\" data-settings=\"{&quot;background_background&quot;:&quot;classic&quot;}\">\n\t\t\t\t<div class=\"elementor-element elementor-element-64def37 elementor-widget elementor-widget-heading\" data-id=\"64def37\" data-element_type=\"widget\" data-e-type=\"widget\" data-widget_type=\"heading.default\">\n\t\t\t\t\t<h2 class=\"elementor-heading-title elementor-size-default\">Vertrieb &amp; Kunden<\/h2>\t\t\t\t<\/div>\n\t\t\t\t<div class=\"elementor-element elementor-element-2d2c119 elementor-widget elementor-widget-ucaddon_post_carousel\" data-id=\"2d2c119\" data-element_type=\"widget\" data-e-type=\"widget\" data-widget_type=\"ucaddon_post_carousel.default\">\n\t\t\t\t<div class=\"elementor-widget-container\">\n\t\t\t\t\t<!-- start Post Carousel -->\n\t\t<link id='font-awesome-css' href='https:\/\/www.brueggen.com\/wp-content\/plugins\/unlimited-for-elementor-premium\/assets_libraries\/font-awesome5\/css\/fontawesome-all.min.css' type='text\/css' rel='stylesheet' >\n\t\t<link id='font-awesome-4-shim-css' href='https:\/\/www.brueggen.com\/wp-content\/plugins\/unlimited-for-elementor-premium\/assets_libraries\/font-awesome5\/css\/fontawesome-v4-shims.css' type='text\/css' rel='stylesheet' >\n\t\t<link id='owl-carousel-css' href='https:\/\/www.brueggen.com\/wp-content\/plugins\/unlimited-for-elementor-premium\/assets_libraries\/owl-carousel-new\/assets\/owl.carousel.css' type='text\/css' rel='stylesheet' >\n\t\t<link id='lity-css' href='https:\/\/www.brueggen.com\/wp-content\/plugins\/unlimited-for-elementor-premium\/assets_libraries\/lity\/lity.min.css' type='text\/css' rel='stylesheet' >\n\n\t\t\t<style type=\"text\/css\">\/* widget: Post Carousel *\/\n\n#uc_post_carousel_elementor_2d2c119-wrapper\n{\n  min-height:1px;\n}\n#uc_post_carousel_elementor_2d2c119 *{\n  box-sizing:border-box;\n}\n\n\n#uc_post_carousel_elementor_2d2c119{\n  position:relative;\n}\n.uc_post_title{\n  font-size:21px;\n}\n\n#uc_post_carousel_elementor_2d2c119 .ue-item\n{\n  transition:0.3s;\n  position:relative;\n}\n\n#uc_post_carousel_elementor_2d2c119 .uc_image_carousel_placeholder\n{\n  position:relative;\n}\n\n#uc_post_carousel_elementor_2d2c119 .ue_pos_carousel_image_overlay\n{\n  position:absolute;\n  top:0;\n  bottom:0;\n  left:0;\n  right:0;\n  transition:0.3s;\n}\n#uc_post_carousel_elementor_2d2c119 .owl-stage{\n  display:flex;\n}\n#uc_post_carousel_elementor_2d2c119 .uc_image_carousel_container_holder{\n  display: flex;\n  flex-direction: column;\n  height: 100%;\n}\n#uc_post_carousel_elementor_2d2c119 .uc_image_carousel_content{\n  flex-grow: 1;\n  justify-content: space-between;}\n\n\n#uc_post_carousel_elementor_2d2c119 .uc_carousel_item\n{\n  overflow:hidden;\n}\n\n#uc_post_carousel_elementor_2d2c119 .owl-nav .owl-prev{\n    position:absolute;\n    display:inline-block;\n    text-align:center;  \t\n    \t\n\n}\n#uc_post_carousel_elementor_2d2c119 .owl-nav .owl-next{\n  position:absolute;\n  display:inline-block;\n  text-align:center;\n  \t\n}\n\n\n#uc_post_carousel_elementor_2d2c119 .owl-dots {\noverflow:hidden;\ndisplay:flex !important;\n}\n\n#uc_post_carousel_elementor_2d2c119 .owl-dot {\nborder-radius:50%;\ndisplay:inline-block;\n}\n\n\n\n#uc_post_carousel_elementor_2d2c119 .uc_more_btn{\n\n  display:inline-block;\n  text-align:center;\n  text-decoration:none;\n}  \n#uc_post_carousel_elementor_2d2c119 .uc_more_btn svg{\n  width:1em;\n  height:1em;\n}\n#uc_post_carousel_elementor_2d2c119 .uc_image_carousel_placeholder{\n  overflow:hidden;\n}\n#uc_post_carousel_elementor_2d2c119 .uc_image_carousel_placeholder img\n{\n  display:block;\n  width:100%;\n}\n\n#uc_post_carousel_elementor_2d2c119 .uc_image_carousel_content \n{\n  display:flex;\n  flex-direction:column;\n}\n\n\n\t\n\n\n\n\n\n\n\n\n\n\n\n\n\n\n\n\n\n\n\n\n\n#uc_post_carousel_elementor_2d2c119 .ue-meta-data\n{\n  \n  display:flex;\n  flex-wrap: wrap;\n  line-height:1em;\n}\n\n#uc_post_carousel_elementor_2d2c119 .ue-grid-item-meta-data\n{\n      display:inline-flex;\n      align-items:center;\n}\n\n.ue-grid-item-meta-data\n{\n  font-size:12px;\n}\n\n#uc_post_carousel_elementor_2d2c119 .ue-grid-item-meta-data-icon\n{\n  line-height:1em;\n}\n\n#uc_post_carousel_elementor_2d2c119 .ue-grid-item-meta-data-icon svg\n{\n  width:1em;\n  height:1em;\n}\n\n#uc_post_carousel_elementor_2d2c119 .ue-debug-meta\n{\n  padding:10px;\n  border:1px solid red;\n  position:relative;\n  line-height:1.5em;\n  font-size:11px;\n  width:100%;\n}\n\n\n\t#uc_post_carousel_elementor_2d2c119 .owl-stage\n        {\n            transition-timing-function: linear!important;\n        }\n\n\n<\/style>\n\n\t\t\t<div class=\"uc_overlay_image_carousel\" id=\"uc_post_carousel_elementor_2d2c119-wrapper\">\n   <div class=\"uc_carousel owl-carousel owl-theme uc-items-wrapper  \" data-custom-sethtml=\"true\"  data-id=\"\" id=\"uc_post_carousel_elementor_2d2c119\" >\n   \t\t<div class=\"uc_image_carousel_container_holder uc_carousel_item ue-item\">\n  \n    <div class=\"uc_image_carousel_placeholder \">\n                 \n            <img decoding=\"async\" src=\"https:\/\/www.brueggen.com\/wp-content\/uploads\/sites\/5\/2025\/01\/3.jpg\"  src=\"https:\/\/www.brueggen.com\/wp-content\/uploads\/sites\/5\/2025\/01\/3.jpg\" alt=\"Messe_Bologna_2\" width=\"1320\" height=\"990\" alt=\"Messe_Bologna_2\" title=\"Messe_Bologna_2\"> \n        \t\n        <div class=\"ue_pos_carousel_image_overlay\"><\/div>\n          <\/div>\n  \n  \n    <div class=\"uc_image_carousel_content\" >\n        <div>\n          \n          \n                  \n          \n          \n          \n                  <a href=\"https:\/\/www.brueggen.com\/de\/erfolgreicher-start-ins-messejahr\/\">            <div class=\"uc_post_title\">Erfolgreicher Start ins Messejahr<\/div>\n          <\/a>                  \n          \n          \n         \n         <div class=\"ue-meta-data\">\n                        \t\t\t            \n            \n                        \n            \n                        \n                        \n                       \n                      \n           \n               \n\n            \n          <\/div> \n          \n          \n          \n          \n          \n        <div class=\"uc_paragraph\" >Br\u00fcggen pr\u00e4sentiert Produkte auf der Marca by BolognaFiere 2025<\/div>        \n        <\/div>\n    \n            \n    \t<div class=\"ue-item-btn-holder\">\n   \n           <a target=\"_blank\" href=\"https:\/\/www.brueggen.com\/de\/erfolgreicher-start-ins-messejahr\/\" class=\"uc_more_btn ue-dynamic-popup-single \">Mehr erfahren<\/a>\n\n     \t<\/div>\n    \n          <\/div>\n    \n  \n    \n<\/div>\n<div class=\"uc_image_carousel_container_holder uc_carousel_item ue-item\">\n  \n    <div class=\"uc_image_carousel_placeholder \">\n                 \n            <img decoding=\"async\" src=\"https:\/\/www.brueggen.com\/wp-content\/uploads\/sites\/5\/2024\/12\/TOF-Presse-Event_MG_1061--scaled-e1733921224899.jpg\"  src=\"https:\/\/www.brueggen.com\/wp-content\/uploads\/sites\/5\/2024\/12\/TOF-Presse-Event_MG_1061--scaled-e1733921224899.jpg\" alt=\"TOF-Presse-Event_MG_1061-\" width=\"1920\" height=\"928\" alt=\"TOF-Presse-Event_MG_1061-\" title=\"TOF-Presse-Event_MG_1061-\"> \n        \t\n        <div class=\"ue_pos_carousel_image_overlay\"><\/div>\n          <\/div>\n  \n  \n    <div class=\"uc_image_carousel_content\" >\n        <div>\n          \n          \n                  \n          \n          \n          \n                  <a href=\"https:\/\/www.brueggen.com\/de\/kick-off-fuer-theoatfactory\/\">            <div class=\"uc_post_title\">Kick-off f\u00fcr The Oat Factory<\/div>\n          <\/a>                  \n          \n          \n         \n         <div class=\"ue-meta-data\">\n                        \t\t\t            \n            \n                        \n            \n                        \n                        \n                       \n                      \n           \n               \n\n            \n          <\/div> \n          \n          \n          \n          \n          \n        <div class=\"uc_paragraph\" >Produktionsstart des Joint Ventures von frischli und Br\u00fcggen!<\/div>        \n        <\/div>\n    \n            \n    \t<div class=\"ue-item-btn-holder\">\n   \n           <a target=\"_blank\" href=\"https:\/\/www.brueggen.com\/de\/kick-off-fuer-theoatfactory\/\" class=\"uc_more_btn ue-dynamic-popup-single \">Mehr erfahren<\/a>\n\n     \t<\/div>\n    \n          <\/div>\n    \n  \n    \n<\/div>\n<div class=\"uc_image_carousel_container_holder uc_carousel_item ue-item\">\n  \n    <div class=\"uc_image_carousel_placeholder \">\n                 \n            <img decoding=\"async\" src=\"https:\/\/www.brueggen.com\/wp-content\/uploads\/sites\/5\/2024\/11\/Dobele-Joint-Venture.png\"  src=\"https:\/\/www.brueggen.com\/wp-content\/uploads\/sites\/5\/2024\/11\/Dobele-Joint-Venture.png\" alt=\"Dobele Joint Venture\" width=\"1920\" height=\"900\" alt=\"Dobele Joint Venture\" title=\"Dobele Joint Venture\"> \n        \t\n        <div class=\"ue_pos_carousel_image_overlay\"><\/div>\n          <\/div>\n  \n  \n    <div class=\"uc_image_carousel_content\" >\n        <div>\n          \n          \n                  \n          \n          \n          \n                  <a href=\"https:\/\/www.brueggen.com\/de\/strategische-partnerschaft-in-lettland\/\">            <div class=\"uc_post_title\">Strategischer Schritt<\/div>\n          <\/a>                  \n          \n          \n         \n         <div class=\"ue-meta-data\">\n                        \t\t\t            \n            \n                        \n            \n                        \n                        \n                       \n                      \n           \n               \n\n            \n          <\/div> \n          \n          \n          \n          \n          \n        <div class=\"uc_paragraph\" >Joint Venture mit Dobele f\u00fcr nachhaltiges Wachstum im Haferbereich!<\/div>        \n        <\/div>\n    \n            \n    \t<div class=\"ue-item-btn-holder\">\n   \n           <a target=\"_blank\" href=\"https:\/\/www.brueggen.com\/de\/strategische-partnerschaft-in-lettland\/\" class=\"uc_more_btn ue-dynamic-popup-single \">Mehr erfahren<\/a>\n\n     \t<\/div>\n    \n          <\/div>\n    \n  \n    \n<\/div>\n<div class=\"uc_image_carousel_container_holder uc_carousel_item ue-item\">\n  \n    <div class=\"uc_image_carousel_placeholder \">\n                 \n            <img decoding=\"async\" src=\"https:\/\/www.brueggen.com\/wp-content\/uploads\/sites\/5\/2024\/11\/Stand-Brueggen-SIAL-2024-3999-scaled.jpg\"  src=\"https:\/\/www.brueggen.com\/wp-content\/uploads\/sites\/5\/2024\/11\/Stand-Brueggen-SIAL-2024-3999-scaled.jpg\" alt=\"Stand Br\u00fcggen SIAL 2024\" width=\"1620\" height=\"1080\" alt=\"Stand Br\u00fcggen SIAL 2024\" title=\"Stand Br\u00fcggen SIAL 2024\"> \n        \t\n        <div class=\"ue_pos_carousel_image_overlay\"><\/div>\n          <\/div>\n  \n  \n    <div class=\"uc_image_carousel_content\" >\n        <div>\n          \n          \n                  \n          \n          \n          \n                  <a href=\"https:\/\/www.brueggen.com\/de\/sial-paris-2024\/\">            <div class=\"uc_post_title\">SIAL Paris 2024<\/div>\n          <\/a>                  \n          \n          \n         \n         <div class=\"ue-meta-data\">\n                        \t\t\t            \n            \n                        \n            \n                        \n                        \n                       \n                      \n           \n               \n\n            \n          <\/div> \n          \n          \n          \n          \n          \n        <div class=\"uc_paragraph\" >Wir hatten das Vergn\u00fcgen, vom 19. bis 23. Oktober auf einer der anspruchsvollsten Messen, der SIAL Paris...<\/div>        \n        <\/div>\n    \n            \n    \t<div class=\"ue-item-btn-holder\">\n   \n           <a target=\"_blank\" href=\"https:\/\/www.brueggen.com\/de\/sial-paris-2024\/\" class=\"uc_more_btn ue-dynamic-popup-single \">Mehr erfahren<\/a>\n\n     \t<\/div>\n    \n          <\/div>\n    \n  \n    \n<\/div>\n<div class=\"uc_image_carousel_container_holder uc_carousel_item ue-item\">\n  \n    <div class=\"uc_image_carousel_placeholder \">\n                 \n            <img decoding=\"async\" src=\"https:\/\/www.brueggen.com\/wp-content\/uploads\/sites\/5\/2024\/08\/Design-ohne-Titel.jpg\"  src=\"https:\/\/www.brueggen.com\/wp-content\/uploads\/sites\/5\/2024\/08\/Design-ohne-Titel.jpg\" alt=\"Design ohne Titel\" width=\"1920\" height=\"1080\" alt=\"Design ohne Titel\" title=\"Design ohne Titel\"> \n        \t\n        <div class=\"ue_pos_carousel_image_overlay\"><\/div>\n          <\/div>\n  \n  \n    <div class=\"uc_image_carousel_content\" >\n        <div>\n          \n          \n                  \n          \n          \n          \n                  <a href=\"https:\/\/www.brueggen.com\/de\/neues-sortiment-von-brueggen-export\/\">            <div class=\"uc_post_title\">Neues Sortiment von Br\u00fcggen Export!<\/div>\n          <\/a>                  \n          \n          \n         \n         <div class=\"ue-meta-data\">\n                        \t\t\t            \n            \n                        \n            \n                        \n                        \n                       \n                      \n           \n               \n\n            \n          <\/div> \n          \n          \n          \n          \n          \n        <div class=\"uc_paragraph\" >Wir freuen uns, Ihnen unsere neu \u00fcberarbeitete Exportmarke vorstellen zu k\u00f6nnen!\nProdukte:\nCornflakes,...<\/div>        \n        <\/div>\n    \n            \n    \t<div class=\"ue-item-btn-holder\">\n   \n           <a target=\"_blank\" href=\"https:\/\/www.brueggen.com\/de\/neues-sortiment-von-brueggen-export\/\" class=\"uc_more_btn ue-dynamic-popup-single \">Mehr erfahren<\/a>\n\n     \t<\/div>\n    \n          <\/div>\n    \n  \n    \n<\/div>\n<div class=\"uc_image_carousel_container_holder uc_carousel_item ue-item\">\n  \n    <div class=\"uc_image_carousel_placeholder \">\n                 \n            <img decoding=\"async\" src=\"https:\/\/www.brueggen.com\/wp-content\/uploads\/sites\/5\/2024\/07\/HaferDrink_KI_Bild_Posting_V2_upscale.jpg\"  src=\"https:\/\/www.brueggen.com\/wp-content\/uploads\/sites\/5\/2024\/07\/HaferDrink_KI_Bild_Posting_V2_upscale.jpg\" alt=\"HaferDrink_KI_Bild_Posting_V2_upscale\" width=\"1080\" height=\"1080\" alt=\"HaferDrink_KI_Bild_Posting_V2_upscale\" title=\"HaferDrink_KI_Bild_Posting_V2_upscale\"> \n        \t\n        <div class=\"ue_pos_carousel_image_overlay\"><\/div>\n          <\/div>\n  \n  \n    <div class=\"uc_image_carousel_content\" >\n        <div>\n          \n          \n                  \n          \n          \n          \n                  <a href=\"https:\/\/www.brueggen.com\/de\/frischli-und-brueggen-gruenden-schlagkraeftiges-joint-venture\/\">            <div class=\"uc_post_title\">frischli und Br\u00fcggen gr\u00fcnden schlagkr\u00e4ftiges Joint Venture\u00a0<\/div>\n          <\/a>                  \n          \n          \n         \n         <div class=\"ue-meta-data\">\n                        \t\t\t            \n            \n                        \n            \n                        \n                        \n                       \n                      \n           \n               \n\n            \n          <\/div> \n          \n          \n          \n          \n          \n        <div class=\"uc_paragraph\" >Die beiden langj\u00e4hrig erfolgreichen Familienunternehmen b\u00fcndeln ihre Kompetenzen zur Herstellung und...<\/div>        \n        <\/div>\n    \n            \n    \t<div class=\"ue-item-btn-holder\">\n   \n           <a target=\"_blank\" href=\"https:\/\/www.brueggen.com\/de\/frischli-und-brueggen-gruenden-schlagkraeftiges-joint-venture\/\" class=\"uc_more_btn ue-dynamic-popup-single \">Mehr erfahren<\/a>\n\n     \t<\/div>\n    \n          <\/div>\n    \n  \n    \n<\/div>\n\n   <\/div>\t\n<\/div>\n\n\n\t\t\t<!-- end Post Carousel -->\t\t\t\t<\/div>\n\t\t\t\t<\/div>\n\t\t\t\t<\/div>\n\t\t<div class=\"elementor-element elementor-element-92d50c9 e-con-full e-flex e-con e-child\" data-id=\"92d50c9\" data-element_type=\"container\" data-e-type=\"container\">\n\t\t\t\t<div class=\"elementor-element elementor-element-a5611f1 elementor-widget elementor-widget-heading\" data-id=\"a5611f1\" data-element_type=\"widget\" data-e-type=\"widget\" data-widget_type=\"heading.default\">\n\t\t\t\t\t<h2 class=\"elementor-heading-title elementor-size-default\">Beschaffung &amp; Lieferanten<\/h2>\t\t\t\t<\/div>\n\t\t\t\t<div class=\"elementor-element elementor-element-4b7dc52 elementor-widget elementor-widget-ucaddon_post_carousel\" data-id=\"4b7dc52\" data-element_type=\"widget\" data-e-type=\"widget\" data-widget_type=\"ucaddon_post_carousel.default\">\n\t\t\t\t<div class=\"elementor-widget-container\">\n\t\t\t\t\t<!-- start Post Carousel -->\n\n\t\t\t<style type=\"text\/css\">\/* widget: Post Carousel *\/\n\n#uc_post_carousel_elementor_4b7dc52-wrapper\n{\n  min-height:1px;\n}\n#uc_post_carousel_elementor_4b7dc52 *{\n  box-sizing:border-box;\n}\n\n\n#uc_post_carousel_elementor_4b7dc52{\n  position:relative;\n}\n.uc_post_title{\n  font-size:21px;\n}\n\n#uc_post_carousel_elementor_4b7dc52 .ue-item\n{\n  transition:0.3s;\n  position:relative;\n}\n\n#uc_post_carousel_elementor_4b7dc52 .uc_image_carousel_placeholder\n{\n  position:relative;\n}\n\n#uc_post_carousel_elementor_4b7dc52 .ue_pos_carousel_image_overlay\n{\n  position:absolute;\n  top:0;\n  bottom:0;\n  left:0;\n  right:0;\n  transition:0.3s;\n}\n#uc_post_carousel_elementor_4b7dc52 .owl-stage{\n  display:flex;\n}\n#uc_post_carousel_elementor_4b7dc52 .uc_image_carousel_container_holder{\n  display: flex;\n  flex-direction: column;\n  height: 100%;\n}\n#uc_post_carousel_elementor_4b7dc52 .uc_image_carousel_content{\n  flex-grow: 1;\n  justify-content: space-between;}\n\n\n#uc_post_carousel_elementor_4b7dc52 .uc_carousel_item\n{\n  overflow:hidden;\n}\n\n#uc_post_carousel_elementor_4b7dc52 .owl-nav .owl-prev{\n    position:absolute;\n    display:inline-block;\n    text-align:center;  \t\n    \t\n\n}\n#uc_post_carousel_elementor_4b7dc52 .owl-nav .owl-next{\n  position:absolute;\n  display:inline-block;\n  text-align:center;\n  \t\n}\n\n\n#uc_post_carousel_elementor_4b7dc52 .owl-dots {\noverflow:hidden;\ndisplay:flex !important;\n}\n\n#uc_post_carousel_elementor_4b7dc52 .owl-dot {\nborder-radius:50%;\ndisplay:inline-block;\n}\n\n\n\n#uc_post_carousel_elementor_4b7dc52 .uc_more_btn{\n\n  display:inline-block;\n  text-align:center;\n  text-decoration:none;\n}  \n#uc_post_carousel_elementor_4b7dc52 .uc_more_btn svg{\n  width:1em;\n  height:1em;\n}\n#uc_post_carousel_elementor_4b7dc52 .uc_image_carousel_placeholder{\n  overflow:hidden;\n}\n#uc_post_carousel_elementor_4b7dc52 .uc_image_carousel_placeholder img\n{\n  display:block;\n  width:100%;\n}\n\n#uc_post_carousel_elementor_4b7dc52 .uc_image_carousel_content \n{\n  display:flex;\n  flex-direction:column;\n}\n\n\n\t\n\n\n\n\n\n\n\n\n\n\n\n\n\n\n\n\n\n\n\n\n\n#uc_post_carousel_elementor_4b7dc52 .ue-meta-data\n{\n  \n  display:flex;\n  flex-wrap: wrap;\n  line-height:1em;\n}\n\n#uc_post_carousel_elementor_4b7dc52 .ue-grid-item-meta-data\n{\n      display:inline-flex;\n      align-items:center;\n}\n\n.ue-grid-item-meta-data\n{\n  font-size:12px;\n}\n\n#uc_post_carousel_elementor_4b7dc52 .ue-grid-item-meta-data-icon\n{\n  line-height:1em;\n}\n\n#uc_post_carousel_elementor_4b7dc52 .ue-grid-item-meta-data-icon svg\n{\n  width:1em;\n  height:1em;\n}\n\n#uc_post_carousel_elementor_4b7dc52 .ue-debug-meta\n{\n  padding:10px;\n  border:1px solid red;\n  position:relative;\n  line-height:1.5em;\n  font-size:11px;\n  width:100%;\n}\n\n\n\t#uc_post_carousel_elementor_4b7dc52 .owl-stage\n        {\n            transition-timing-function: linear!important;\n        }\n\n\n<\/style>\n\n\t\t\t<div class=\"uc_overlay_image_carousel\" id=\"uc_post_carousel_elementor_4b7dc52-wrapper\">\n   <div class=\"uc_carousel owl-carousel owl-theme uc-items-wrapper  \" data-custom-sethtml=\"true\"  data-id=\"\" id=\"uc_post_carousel_elementor_4b7dc52\" >\n   \t\t<div class=\"uc_image_carousel_container_holder uc_carousel_item ue-item\">\n  \n    <div class=\"uc_image_carousel_placeholder \">\n                 \n            <img decoding=\"async\" src=\"https:\/\/www.brueggen.com\/wp-content\/uploads\/sites\/5\/2024\/07\/Sommerhafertag_2024DJI_0314-scaled-1.webp\"  src=\"https:\/\/www.brueggen.com\/wp-content\/uploads\/sites\/5\/2024\/07\/Sommerhafertag_2024DJI_0314-scaled-1.webp\" alt=\"Sommerhafertag_2024DJI_0314-scaled\" width=\"2560\" height=\"1705\" alt=\"Sommerhafertag_2024DJI_0314-scaled\" title=\"Sommerhafertag_2024DJI_0314-scaled\"> \n        \t\n        <div class=\"ue_pos_carousel_image_overlay\"><\/div>\n          <\/div>\n  \n  \n    <div class=\"uc_image_carousel_content\" >\n        <div>\n          \n          \n                  \n          \n          \n          \n                  <a href=\"https:\/\/www.brueggen.com\/de\/save-the-date-hafertag-2025\/\">            <div class=\"uc_post_title\">Save the Date: Hafertag 2025<\/div>\n          <\/a>                  \n          \n          \n         \n         <div class=\"ue-meta-data\">\n                        \t\t\t            \n            \n                        \n            \n                        \n                        \n                       \n                      \n           \n               \n\n            \n          <\/div> \n          \n          \n          \n          \n          \n        <div class=\"uc_paragraph\" >Wir laden euch herzlich zu unserem Hafertag in Mecklenburg-Vorpommern am 18.06.2025 ein.<\/div>        \n        <\/div>\n    \n            \n    \t<div class=\"ue-item-btn-holder\">\n   \n           <a target=\"_blank\" href=\"https:\/\/www.brueggen.com\/de\/save-the-date-hafertag-2025\/\" class=\"uc_more_btn ue-dynamic-popup-single \">Mehr erfahren<\/a>\n\n     \t<\/div>\n    \n          <\/div>\n    \n  \n    \n<\/div>\n\n   <\/div>\t\n<\/div>\n\n\n\t\t\t<!-- end Post Carousel -->\t\t\t\t<\/div>\n\t\t\t\t<\/div>\n\t\t\t\t<\/div>\n\t\t\t\t\t<\/div>\n\t\t\t\t<\/div>\n\t\t\t\t<\/div>\n\t\t","protected":false},"excerpt":{"rendered":"<p>Jochen Br\u00fcggen \u00fcber die aktuelle geopolitische Lage und ihre Auswirkungen auf Unternehmen.<\/p>\n","protected":false},"author":2,"featured_media":26044,"comment_status":"open","ping_status":"open","sticky":false,"template":"","format":"standard","meta":{"_kad_post_transparent":"","_kad_post_title":"","_kad_post_layout":"","_kad_post_sidebar_id":"","_kad_post_content_style":"","_kad_post_vertical_padding":"","_kad_post_feature":"","_kad_post_feature_position":"","_kad_post_header":false,"_kad_post_footer":false,"footnotes":""},"categories":[1,29],"tags":[108,110,109,107,111],"class_list":["post-26043","post","type-post","status-publish","format-standard","has-post-thumbnail","hentry","category-allgemein","category-nicht-kategorisiert-es","tag-brueggen","tag-hafer","tag-ihk","tag-luebeck","tag-muesli"],"_links":{"self":[{"href":"https:\/\/www.brueggen.com\/de\/wp-json\/wp\/v2\/posts\/26043","targetHints":{"allow":["GET"]}}],"collection":[{"href":"https:\/\/www.brueggen.com\/de\/wp-json\/wp\/v2\/posts"}],"about":[{"href":"https:\/\/www.brueggen.com\/de\/wp-json\/wp\/v2\/types\/post"}],"author":[{"embeddable":true,"href":"https:\/\/www.brueggen.com\/de\/wp-json\/wp\/v2\/users\/2"}],"replies":[{"embeddable":true,"href":"https:\/\/www.brueggen.com\/de\/wp-json\/wp\/v2\/comments?post=26043"}],"version-history":[{"count":3,"href":"https:\/\/www.brueggen.com\/de\/wp-json\/wp\/v2\/posts\/26043\/revisions"}],"predecessor-version":[{"id":33375,"href":"https:\/\/www.brueggen.com\/de\/wp-json\/wp\/v2\/posts\/26043\/revisions\/33375"}],"wp:featuredmedia":[{"embeddable":true,"href":"https:\/\/www.brueggen.com\/de\/wp-json\/wp\/v2\/media\/26044"}],"wp:attachment":[{"href":"https:\/\/www.brueggen.com\/de\/wp-json\/wp\/v2\/media?parent=26043"}],"wp:term":[{"taxonomy":"category","embeddable":true,"href":"https:\/\/www.brueggen.com\/de\/wp-json\/wp\/v2\/categories?post=26043"},{"taxonomy":"post_tag","embeddable":true,"href":"https:\/\/www.brueggen.com\/de\/wp-json\/wp\/v2\/tags?post=26043"}],"curies":[{"name":"wp","href":"https:\/\/api.w.org\/{rel}","templated":true}]}}