{"id":27494,"date":"2025-02-26T14:34:53","date_gmt":"2025-02-26T13:34:53","guid":{"rendered":"https:\/\/www.brueggen.com\/?p=27494"},"modified":"2026-03-09T23:18:43","modified_gmt":"2026-03-09T22:18:43","slug":"die-kolumbianische-botschaft-zu-gast-bei-brueggen","status":"publish","type":"post","link":"https:\/\/www.brueggen.com\/de\/die-kolumbianische-botschaft-zu-gast-bei-brueggen\/","title":{"rendered":"Die kolumbianische Botschaft zu Gast bei Br\u00fcggen"},"content":{"rendered":"\t\t<div data-elementor-type=\"wp-post\" data-elementor-id=\"27494\" class=\"elementor elementor-27494\" data-elementor-post-type=\"post\">\n\t\t\t\t<div class=\"elementor-element elementor-element-6d4fc86 e-flex e-con-boxed e-con e-parent\" data-id=\"6d4fc86\" data-element_type=\"container\" data-e-type=\"container\">\n\t\t\t\t\t<div class=\"e-con-inner\">\n\t\t\t\t<div class=\"elementor-element elementor-element-8b91bd4 elementor-widget elementor-widget-heading\" data-id=\"8b91bd4\" data-element_type=\"widget\" data-e-type=\"widget\" data-widget_type=\"heading.default\">\n\t\t\t\t\t<h3 class=\"elementor-heading-title elementor-size-default\">St\u00e4rkung der wirtschaftlichen Beziehungen:<\/h3>\t\t\t\t<\/div>\n\t\t\t\t<div class=\"elementor-element elementor-element-c3c6103 elementor-widget elementor-widget-heading\" data-id=\"c3c6103\" data-element_type=\"widget\" data-e-type=\"widget\" data-widget_type=\"heading.default\">\n\t\t\t\t\t<h1 class=\"elementor-heading-title elementor-size-default\">Die kolumbianische Botschaft zu Gast bei Br\u00fcggen  <\/h1>\t\t\t\t<\/div>\n\t\t\t\t\t<\/div>\n\t\t\t\t<\/div>\n\t\t<div class=\"elementor-element elementor-element-432aa6b e-flex e-con-boxed e-con e-parent\" data-id=\"432aa6b\" data-element_type=\"container\" data-e-type=\"container\">\n\t\t\t\t\t<div class=\"e-con-inner\">\n\t\t\t\t<div class=\"elementor-element elementor-element-4f399cc elementor-widget elementor-widget-text-editor\" data-id=\"4f399cc\" data-element_type=\"widget\" data-e-type=\"widget\" data-widget_type=\"text-editor.default\">\n\t\t\t\t\t\t\t\t\t<p><span data-contrast=\"auto\">In der vergangenen Woche hatten wir die Ehre, eine hochrangige Delegation der kolumbianischen Botschaft in unseren R\u00e4umlichkeiten in L\u00fcbeck willkommen zu hei\u00dfen. Die Delegation, bestehend aus I.E. Frau Yadir Salazar-Mej\u00eda (Botschafterin), Oberst Carlos Eduardo Urbano Montes (Marineattach\u00e9, Kapit\u00e4n zur See) und Patricia Salazar (Beauftragte f\u00fcr Kommunikation und soziale Medien), wurde von Vertretern der Industrie- und Handelskammer (IHK) zu L\u00fcbeck begleitet.<\/span><span data-ccp-props=\"{}\">\u00a0<\/span><\/p>\t\t\t\t\t\t\t\t<\/div>\n\t\t\t\t\t<\/div>\n\t\t\t\t<\/div>\n\t\t<div class=\"elementor-element elementor-element-3a3d6d3 e-flex e-con-boxed e-con e-parent\" data-id=\"3a3d6d3\" data-element_type=\"container\" data-e-type=\"container\" data-settings=\"{&quot;background_background&quot;:&quot;classic&quot;}\">\n\t\t\t\t\t<div class=\"e-con-inner\">\n\t\t<div class=\"elementor-element elementor-element-92d131f e-con-full e-flex e-con e-child\" data-id=\"92d131f\" data-element_type=\"container\" data-e-type=\"container\">\n\t\t\t\t<div class=\"elementor-element elementor-element-bc68ae5 elementor-widget elementor-widget-text-editor\" data-id=\"bc68ae5\" data-element_type=\"widget\" data-e-type=\"widget\" data-widget_type=\"text-editor.default\">\n\t\t\t\t\t\t\t\t\t<h3><b><span data-contrast=\"auto\">Empfang im L\u00fcbecker Rathaus<\/span><\/b><span data-ccp-props=\"{}\">\u00a0<\/span><\/h3><p><span data-contrast=\"auto\">Der Besuch begann mit einem offiziellen Empfang im L\u00fcbecker Rathaus, wo die Delegation von Stadtpr\u00e4sident Henning Schumann und B\u00fcrgermeister Jan Lindenau herzlich begr\u00fc\u00dft wurden. Im Rahmen dieses Treffens trugen sich die G\u00e4ste in das Goldene Buch der Hansestadt L\u00fcbeck ein \u2013 ein Zeichen der Wertsch\u00e4tzung und der Verbundenheit zwischen L\u00fcbeck und Kolumbien.<\/span><span data-ccp-props=\"{}\">\u00a0<\/span><\/p><h3><b><span data-contrast=\"auto\">Besuch bei Br\u00fcggen<\/span><\/b><span data-ccp-props=\"{}\">\u00a0<\/span><\/h3><p><span data-contrast=\"auto\">Nach einem Treffen in den R\u00e4umlichkeiten der IHK zu L\u00fcbeck empfingen wir die Delegation bei uns. Nach einer herzlichen Begr\u00fc\u00dfung durch Johannes Br\u00fcggen erhielten die G\u00e4ste eine umfassende Unternehmenspr\u00e4sentation. Im Anschluss fand ein Rundgang durch unsere Produktionsbereiche f\u00fcr Riegel, Knusperm\u00fcsli und M\u00fcsli statt, geleitet von Dr. Jens Meyer, Director Quality Assurance. Unsere kolumbianischen G\u00e4ste zeigten gro\u00dfes Interesse an den modernen Produktionsprozessen und der hohen Produktqualit\u00e4t.<\/span><span data-ccp-props=\"{}\">\u00a0<\/span><\/p><p>\u00a0<\/p>\t\t\t\t\t\t\t\t<\/div>\n\t\t\t\t<\/div>\n\t\t<div class=\"elementor-element elementor-element-2489127 e-con-full e-flex e-con e-child\" data-id=\"2489127\" data-element_type=\"container\" data-e-type=\"container\" data-settings=\"{&quot;background_background&quot;:&quot;classic&quot;}\">\n\t\t\t\t<div class=\"elementor-element elementor-element-4458900 elementor-widget elementor-widget-image-gallery\" data-id=\"4458900\" data-element_type=\"widget\" data-e-type=\"widget\" data-widget_type=\"image-gallery.default\">\n\t\t\t\t\t\t\t<div class=\"elementor-image-gallery\">\n\t\t\t<div id='gallery-1' class='gallery galleryid-27494 gallery-columns-1 gallery-size-full'><figure class='gallery-item'>\n\t\t\t<div class='gallery-icon landscape'>\n\t\t\t\t<img decoding=\"async\" width=\"1619\" height=\"1080\" src=\"https:\/\/www.brueggen.com\/wp-content\/uploads\/sites\/5\/2025\/02\/Besuch_Botschafterin_Kolumbien_MG_2168-RR.jpg\" class=\"attachment-full size-full\" alt=\"Besuch der Botschafterin aus Kolumbien\" aria-describedby=\"gallery-1-27528\" srcset=\"https:\/\/www.brueggen.com\/wp-content\/uploads\/sites\/5\/2025\/02\/Besuch_Botschafterin_Kolumbien_MG_2168-RR.jpg 1619w, https:\/\/www.brueggen.com\/wp-content\/uploads\/sites\/5\/2025\/02\/Besuch_Botschafterin_Kolumbien_MG_2168-RR-300x200.jpg 300w, https:\/\/www.brueggen.com\/wp-content\/uploads\/sites\/5\/2025\/02\/Besuch_Botschafterin_Kolumbien_MG_2168-RR-1024x683.jpg 1024w, https:\/\/www.brueggen.com\/wp-content\/uploads\/sites\/5\/2025\/02\/Besuch_Botschafterin_Kolumbien_MG_2168-RR-768x512.jpg 768w, https:\/\/www.brueggen.com\/wp-content\/uploads\/sites\/5\/2025\/02\/Besuch_Botschafterin_Kolumbien_MG_2168-RR-1536x1025.jpg 1536w\" sizes=\"(max-width: 1619px) 100vw, 1619px\" \/>\n\t\t\t<\/div>\n\t\t\t\t<figcaption class='wp-caption-text gallery-caption' id='gallery-1-27528'>\n\t\t\t\tBesuch der Botschafterin aus Kolumbien\n\t\t\t\t<\/figcaption><\/figure><figure class='gallery-item'>\n\t\t\t<div class='gallery-icon landscape'>\n\t\t\t\t<img decoding=\"async\" width=\"1619\" height=\"1080\" src=\"https:\/\/www.brueggen.com\/wp-content\/uploads\/sites\/5\/2025\/02\/Besuch_Botschafterin_Kolumbien_MG_2380-RR.jpg\" class=\"attachment-full size-full\" alt=\"Werksf\u00fchrung bei Br\u00fcggen\" aria-describedby=\"gallery-1-27523\" srcset=\"https:\/\/www.brueggen.com\/wp-content\/uploads\/sites\/5\/2025\/02\/Besuch_Botschafterin_Kolumbien_MG_2380-RR.jpg 1619w, https:\/\/www.brueggen.com\/wp-content\/uploads\/sites\/5\/2025\/02\/Besuch_Botschafterin_Kolumbien_MG_2380-RR-300x200.jpg 300w, https:\/\/www.brueggen.com\/wp-content\/uploads\/sites\/5\/2025\/02\/Besuch_Botschafterin_Kolumbien_MG_2380-RR-1024x683.jpg 1024w, https:\/\/www.brueggen.com\/wp-content\/uploads\/sites\/5\/2025\/02\/Besuch_Botschafterin_Kolumbien_MG_2380-RR-768x512.jpg 768w, https:\/\/www.brueggen.com\/wp-content\/uploads\/sites\/5\/2025\/02\/Besuch_Botschafterin_Kolumbien_MG_2380-RR-1536x1025.jpg 1536w\" sizes=\"(max-width: 1619px) 100vw, 1619px\" \/>\n\t\t\t<\/div>\n\t\t\t\t<figcaption class='wp-caption-text gallery-caption' id='gallery-1-27523'>\n\t\t\t\tWerksf\u00fchrung bei Br\u00fcggen\n\t\t\t\t<\/figcaption><\/figure>\n\t\t<\/div>\n\t\t<\/div>\n\t\t\t\t\t\t<\/div>\n\t\t\t\t<\/div>\n\t\t\t\t\t<\/div>\n\t\t\t\t<\/div>\n\t\t<div class=\"elementor-element elementor-element-6183814 e-flex e-con-boxed e-con e-parent\" data-id=\"6183814\" data-element_type=\"container\" data-e-type=\"container\">\n\t\t\t\t\t<div class=\"e-con-inner\">\n\t\t\t\t<div class=\"elementor-element elementor-element-8fdf66e elementor-widget elementor-widget-text-editor\" data-id=\"8fdf66e\" data-element_type=\"widget\" data-e-type=\"widget\" data-widget_type=\"text-editor.default\">\n\t\t\t\t\t\t\t\t\t<h3><b><span data-contrast=\"auto\">Potenzial f\u00fcr Zusammenarbeit<\/span><\/b><span data-ccp-props=\"{}\">\u00a0<\/span><\/h3><p><span data-contrast=\"auto\">Ein zentrales Thema des Besuchs war die Er\u00f6rterung m\u00f6glicher Kooperationen im Bereich der Rohstoffbeschaffung. Br\u00fcggen ist stets auf der Suche nach hochwertigen Zutaten wie getrockneten Fr\u00fcchten und N\u00fcssen f\u00fcr unsere M\u00fcsliprodukte. Kolumbien, bekannt f\u00fcr seine landwirtschaftliche Vielfalt, k\u00f6nnte ein potenzieller Lieferant sein. Die bevorstehende Er\u00f6ffnung des Hafens <\/span><i><span data-contrast=\"auto\">Puerto Antioquia<\/span><\/i><span data-contrast=\"auto\"> an der Karibikk\u00fcste st\u00e4rkt Kolumbiens Attraktivit\u00e4t als Handelspartner zus\u00e4tzlich. Der moderne Hafen k\u00f6nnte die Logistikkosten senken und den Warenverkehr zwischen beiden L\u00e4ndern erheblich erleichtern. Dennoch wurde auch festgestellt, dass die ben\u00f6tigten gro\u00dfen Mengen an Rohstoffen in erstklassiger Qualit\u00e4t eine Herausforderung darstellen und hier noch Optimierungsbedarf seitens Kolumbiens besteht.<\/span><span data-ccp-props=\"{}\">\u00a0<br \/><\/span><\/p><p><span data-contrast=\"auto\">Ein weiteres Gespr\u00e4chsthema war der Fachkr\u00e4fte\u00fcberschuss in Kolumbien. W\u00e4hrend die Gesellschaft in Deutschland altert und der Anteil der (angehenden) Fachkr\u00e4fte kontinuierlich sinkt, verf\u00fcgt Kolumbien \u00fcber einen \u00dcberschuss an qualifizierten und hochmotivierten jungen Menschen.\u00a0<\/span><span data-ccp-props=\"{}\">\u00a0<\/span><\/p><p><span data-contrast=\"auto\">Im Jahr 2024 gab es in Deutschland insgesamt knapp 700.000 unbesetzte Arbeitsstellen. Es mangelt an motivierten und versierten Fachkr\u00e4ften und das ist in vielen Bereichen sp\u00fcrbar, so auch bei uns. Obwohl es in Kolumbien zahlreiche gut ausgebildete und engagierte Arbeitskr\u00e4fte gibt, betrug die Arbeitslosenquote dort im vergangenen Jahr rund 10,2 % und lag damit deutlich \u00fcber dem europ\u00e4ischen und deutschen Durchschnitt.<\/span><span data-ccp-props=\"{}\">\u00a0<\/span><\/p>\t\t\t\t\t\t\t\t<\/div>\n\t\t\t\t\t<\/div>\n\t\t\t\t<\/div>\n\t\t<div class=\"elementor-element elementor-element-2e9546f e-flex e-con-boxed e-con e-parent\" data-id=\"2e9546f\" data-element_type=\"container\" data-e-type=\"container\">\n\t\t\t\t\t<div class=\"e-con-inner\">\n\t\t<div class=\"elementor-element elementor-element-9e6ed92 e-con-full e-flex e-con e-child\" data-id=\"9e6ed92\" data-element_type=\"container\" data-e-type=\"container\" data-settings=\"{&quot;background_background&quot;:&quot;classic&quot;}\">\n\t\t\t\t<div class=\"elementor-element elementor-element-7021b76 elementor-widget elementor-widget-image-gallery\" data-id=\"7021b76\" data-element_type=\"widget\" data-e-type=\"widget\" data-widget_type=\"image-gallery.default\">\n\t\t\t\t\t\t\t<div class=\"elementor-image-gallery\">\n\t\t\t<div id='gallery-2' class='gallery galleryid-27494 gallery-columns-1 gallery-size-full'><figure class='gallery-item'>\n\t\t\t<div class='gallery-icon landscape'>\n\t\t\t\t<img decoding=\"async\" width=\"1619\" height=\"1080\" src=\"https:\/\/www.brueggen.com\/wp-content\/uploads\/sites\/5\/2025\/02\/Besuch_Botschafterin_Kolumbien_MG_0299-RR.jpg\" class=\"attachment-full size-full\" alt=\"Besuch der Botschafterin aus Kolumbien\" aria-describedby=\"gallery-2-27518\" srcset=\"https:\/\/www.brueggen.com\/wp-content\/uploads\/sites\/5\/2025\/02\/Besuch_Botschafterin_Kolumbien_MG_0299-RR.jpg 1619w, https:\/\/www.brueggen.com\/wp-content\/uploads\/sites\/5\/2025\/02\/Besuch_Botschafterin_Kolumbien_MG_0299-RR-300x200.jpg 300w, https:\/\/www.brueggen.com\/wp-content\/uploads\/sites\/5\/2025\/02\/Besuch_Botschafterin_Kolumbien_MG_0299-RR-1024x683.jpg 1024w, https:\/\/www.brueggen.com\/wp-content\/uploads\/sites\/5\/2025\/02\/Besuch_Botschafterin_Kolumbien_MG_0299-RR-768x512.jpg 768w, https:\/\/www.brueggen.com\/wp-content\/uploads\/sites\/5\/2025\/02\/Besuch_Botschafterin_Kolumbien_MG_0299-RR-1536x1025.jpg 1536w\" sizes=\"(max-width: 1619px) 100vw, 1619px\" \/>\n\t\t\t<\/div>\n\t\t\t\t<figcaption class='wp-caption-text gallery-caption' id='gallery-2-27518'>\n\t\t\t\tBesuch der Botschafterin aus Kolumbien\n\t\t\t\t<\/figcaption><\/figure><figure class='gallery-item'>\n\t\t\t<div class='gallery-icon landscape'>\n\t\t\t\t<img decoding=\"async\" width=\"1619\" height=\"1080\" src=\"https:\/\/www.brueggen.com\/wp-content\/uploads\/sites\/5\/2025\/02\/Besuch_Botschafterin_Kolumbien_MG_0076-RR-1.jpg\" class=\"attachment-full size-full\" alt=\"Besuch der Botschafterin aus Kolumbien\" aria-describedby=\"gallery-2-27505\" srcset=\"https:\/\/www.brueggen.com\/wp-content\/uploads\/sites\/5\/2025\/02\/Besuch_Botschafterin_Kolumbien_MG_0076-RR-1.jpg 1619w, https:\/\/www.brueggen.com\/wp-content\/uploads\/sites\/5\/2025\/02\/Besuch_Botschafterin_Kolumbien_MG_0076-RR-1-300x200.jpg 300w, https:\/\/www.brueggen.com\/wp-content\/uploads\/sites\/5\/2025\/02\/Besuch_Botschafterin_Kolumbien_MG_0076-RR-1-1024x683.jpg 1024w, https:\/\/www.brueggen.com\/wp-content\/uploads\/sites\/5\/2025\/02\/Besuch_Botschafterin_Kolumbien_MG_0076-RR-1-768x512.jpg 768w, https:\/\/www.brueggen.com\/wp-content\/uploads\/sites\/5\/2025\/02\/Besuch_Botschafterin_Kolumbien_MG_0076-RR-1-1536x1025.jpg 1536w\" sizes=\"(max-width: 1619px) 100vw, 1619px\" \/>\n\t\t\t<\/div>\n\t\t\t\t<figcaption class='wp-caption-text gallery-caption' id='gallery-2-27505'>\n\t\t\t\tBesuch der Botschafterin aus Kolumbien\n\t\t\t\t<\/figcaption><\/figure>\n\t\t<\/div>\n\t\t<\/div>\n\t\t\t\t\t\t<\/div>\n\t\t\t\t<\/div>\n\t\t<div class=\"elementor-element elementor-element-c1e384c e-con-full e-flex e-con e-child\" data-id=\"c1e384c\" data-element_type=\"container\" data-e-type=\"container\">\n\t\t\t\t<div class=\"elementor-element elementor-element-0ac191c elementor-widget elementor-widget-text-editor\" data-id=\"0ac191c\" data-element_type=\"widget\" data-e-type=\"widget\" data-widget_type=\"text-editor.default\">\n\t\t\t\t\t\t\t\t\t<p><span data-contrast=\"auto\">Auch die Besetzung von Ausbildungspl\u00e4tzen gestaltet sich hierzulande zunehmend schwieriger: Im Jahr 2023 blieben rund 73.400 Ausbildungspl\u00e4tze unbesetzt. Immer mehr junge Menschen entscheiden sich f\u00fcr ein Studium und gegen eine Ausbildung. Erschwerend hinzu kommt der demografische Wandel in Deutschland: Zum Jahresende 2023 machten die 15- bis 24-J\u00e4hrigen nur noch etwa 10 % der Gesamtbev\u00f6lkerung aus \u2013 damit wurde ein Rekordtief erreicht. In Kolumbien hingegen betrug die Anzahl der 15- bis 24-J\u00e4hrigen im selben Jahr rund 16 %.<\/span><span data-ccp-props=\"{}\">\u00a0<\/span><\/p><p><span data-contrast=\"auto\">Die Integration kolumbianischer Auszubildender und Fachkr\u00e4fte in den deutschen Arbeitsmarkt k\u00f6nnte also einen vielversprechenden L\u00f6sungsansatz f\u00fcr beide Nationen darstellen, da wir uns gegenseitig unterst\u00fctzen und voneinander profitieren w\u00fcrden.<\/span><span data-ccp-props=\"{}\">\u00a0<\/span><\/p><p><span data-contrast=\"auto\">Das Treffen mit der kolumbianischen Botschaft bot wertvolle Einblicke und er\u00f6ffnete interessante Perspektiven f\u00fcr zuk\u00fcnftige Kooperationen. Wir danken unseren G\u00e4sten f\u00fcr ihren Besuch bei uns und freuen uns darauf, die gekn\u00fcpften Kontakte zu vertiefen und gemeinsam neue Wege der Zusammenarbeit zu beschreiten.<\/span><span data-ccp-props=\"{}\">\u00a0<\/span><\/p><p><span data-ccp-props=\"{}\">\u00a0<\/span><\/p>\t\t\t\t\t\t\t\t<\/div>\n\t\t\t\t<\/div>\n\t\t\t\t\t<\/div>\n\t\t\t\t<\/div>\n\t\t<div class=\"elementor-element elementor-element-2e5f46c e-flex e-con-boxed e-con e-parent\" data-id=\"2e5f46c\" data-element_type=\"container\" data-e-type=\"container\">\n\t\t\t\t\t<div class=\"e-con-inner\">\n\t\t\t\t<div class=\"elementor-element elementor-element-d15238f elementor-widget elementor-widget-text-editor\" data-id=\"d15238f\" data-element_type=\"widget\" data-e-type=\"widget\" data-widget_type=\"text-editor.default\">\n\t\t\t\t\t\t\t\t\t<p><span data-contrast=\"auto\">Quellen:<br \/><\/span><a href=\"https:\/\/de.statista.com\/statistik\/daten\/studie\/2903\/umfrage\/jahresdurchschnittswerte-des-bestands-an-offenen-arbeitsstellen\/\" target=\"_blank\" rel=\"noopener\"><span data-contrast=\"none\">Statista | Offene Arbeitsstellen Deutschland<\/span><\/a><br \/><a href=\"https:\/\/de.statista.com\/statistik\/daten\/studie\/320942\/umfrage\/arbeitslosenquote-in-kolumbien\/\" target=\"_blank\" rel=\"noopener\"><span data-contrast=\"none\">Statista | Arbeitslosenquote Kolumbien<\/span><\/a><br \/><a href=\"https:\/\/de.statista.com\/statistik\/daten\/studie\/36101\/umfrage\/freie-ausbildungsplaetze-vs-unversorgte-bewerber-seit-dem-jahr-1992\/\" target=\"_blank\" rel=\"noopener\"><span data-contrast=\"none\">Statista | Unbesetzte Ausbildungspl\u00e4tze Deutschland<\/span><\/a><br \/><a href=\"https:\/\/www.destatis.de\/DE\/Presse\/Pressemitteilungen\/2024\/08\/PD24_N040_13_12.html\" target=\"_blank\" rel=\"noopener\"><span data-contrast=\"none\">Destatis | 15- bis 24-J\u00e4hrige Deutschland<\/span><\/a><br \/><a href=\"https:\/\/www.destatis.de\/DE\/Themen\/Laender-Regionen\/Internationales\/Laenderprofile\/kolumbien.pdf?__blob=publicationFile\" target=\"_blank\" rel=\"noopener\"><span data-contrast=\"none\">Destatis | L\u00e4nderprofil Kolumbien<\/span><\/a><\/p>\t\t\t\t\t\t\t\t<\/div>\n\t\t\t\t\t<\/div>\n\t\t\t\t<\/div>\n\t\t\t\t<\/div>\n\t\t","protected":false},"excerpt":{"rendered":"<p>In der vergangenen Woche hatten wir die Ehre, eine hochrangige Delegation der kolumbianischen Botschaft in unseren R\u00e4umlichkeiten in L\u00fcbeck willkommen zu hei\u00dfen.<\/p>\n","protected":false},"author":52,"featured_media":27500,"comment_status":"open","ping_status":"open","sticky":false,"template":"","format":"standard","meta":{"_kad_post_transparent":"","_kad_post_title":"","_kad_post_layout":"","_kad_post_sidebar_id":"","_kad_post_content_style":"","_kad_post_vertical_padding":"","_kad_post_feature":"","_kad_post_feature_position":"","_kad_post_header":false,"_kad_post_footer":false,"footnotes":""},"categories":[1],"tags":[132,108,131,110,133,124,107],"class_list":["post-27494","post","type-post","status-publish","format-standard","has-post-thumbnail","hentry","category-allgemein","tag-botschaft","tag-brueggen","tag-diplomatie","tag-hafer","tag-kolumbien","tag-lebensmittelindustrie","tag-luebeck"],"_links":{"self":[{"href":"https:\/\/www.brueggen.com\/de\/wp-json\/wp\/v2\/posts\/27494","targetHints":{"allow":["GET"]}}],"collection":[{"href":"https:\/\/www.brueggen.com\/de\/wp-json\/wp\/v2\/posts"}],"about":[{"href":"https:\/\/www.brueggen.com\/de\/wp-json\/wp\/v2\/types\/post"}],"author":[{"embeddable":true,"href":"https:\/\/www.brueggen.com\/de\/wp-json\/wp\/v2\/users\/52"}],"replies":[{"embeddable":true,"href":"https:\/\/www.brueggen.com\/de\/wp-json\/wp\/v2\/comments?post=27494"}],"version-history":[{"count":20,"href":"https:\/\/www.brueggen.com\/de\/wp-json\/wp\/v2\/posts\/27494\/revisions"}],"predecessor-version":[{"id":33894,"href":"https:\/\/www.brueggen.com\/de\/wp-json\/wp\/v2\/posts\/27494\/revisions\/33894"}],"wp:featuredmedia":[{"embeddable":true,"href":"https:\/\/www.brueggen.com\/de\/wp-json\/wp\/v2\/media\/27500"}],"wp:attachment":[{"href":"https:\/\/www.brueggen.com\/de\/wp-json\/wp\/v2\/media?parent=27494"}],"wp:term":[{"taxonomy":"category","embeddable":true,"href":"https:\/\/www.brueggen.com\/de\/wp-json\/wp\/v2\/categories?post=27494"},{"taxonomy":"post_tag","embeddable":true,"href":"https:\/\/www.brueggen.com\/de\/wp-json\/wp\/v2\/tags?post=27494"}],"curies":[{"name":"wp","href":"https:\/\/api.w.org\/{rel}","templated":true}]}}