{"id":28740,"date":"2025-06-27T08:30:07","date_gmt":"2025-06-27T06:30:07","guid":{"rendered":"https:\/\/www.brueggen.com\/?p=28740"},"modified":"2026-02-20T23:30:20","modified_gmt":"2026-02-20T22:30:20","slug":"hafertag-2025-thelkow","status":"publish","type":"post","link":"https:\/\/www.brueggen.com\/de\/hafertag-thelkow\/","title":{"rendered":"Hafertag 2025 in Thelkow\u00a0"},"content":{"rendered":"\t\t<div data-elementor-type=\"wp-post\" data-elementor-id=\"28740\" class=\"elementor elementor-28740\" data-elementor-post-type=\"post\">\n\t\t\t\t<div class=\"elementor-element elementor-element-702e0bf e-flex e-con-boxed e-con e-parent\" data-id=\"702e0bf\" data-element_type=\"container\" data-e-type=\"container\">\n\t\t\t\t\t<div class=\"e-con-inner\">\n\t\t\t\t<div class=\"elementor-element elementor-element-639e59a elementor-widget elementor-widget-heading\" data-id=\"639e59a\" data-element_type=\"widget\" data-e-type=\"widget\" data-widget_type=\"heading.default\">\n\t\t\t\t\t<h3 class=\"elementor-heading-title elementor-size-default\">Hafertag 2025 in Thelkow <\/h3>\t\t\t\t<\/div>\n\t\t\t\t<div class=\"elementor-element elementor-element-c53249a elementor-widget elementor-widget-heading\" data-id=\"c53249a\" data-element_type=\"widget\" data-e-type=\"widget\" data-widget_type=\"heading.default\">\n\t\t\t\t\t<h1 class=\"elementor-heading-title elementor-size-default\">Gemeinsam den Haferanbau in Mecklenburg-Vorpommern st\u00e4rken<\/h1>\t\t\t\t<\/div>\n\t\t\t\t\t<\/div>\n\t\t\t\t<\/div>\n\t\t<div class=\"elementor-element elementor-element-9a4c2d7 e-flex e-con-boxed e-con e-parent\" data-id=\"9a4c2d7\" data-element_type=\"container\" data-e-type=\"container\">\n\t\t\t\t\t<div class=\"e-con-inner\">\n\t\t\t\t<div class=\"elementor-element elementor-element-f1c49b3 elementor-widget elementor-widget-text-editor\" data-id=\"f1c49b3\" data-element_type=\"widget\" data-e-type=\"widget\" data-widget_type=\"text-editor.default\">\n\t\t\t\t\t\t\t\t\t<p class=\"p1\">Am 18. Juni 2025 veranstalteten wir in Thelkow (Mecklenburg-Vorpommern) den diesj\u00e4hrigen Hafertag \u2013 ein zukunftsorientierter Branchentreff f\u00fcr Landwirt:innen, Fachleute und Partner:innen aus der norddeutschen Landwirtschaft. Im Mittelpunkt stand der Austausch \u00fcber den regionalen Haferanbau und die gemeinsame Entwicklung neuer Perspektiven f\u00fcr die kommenden Jahre.<\/p><h3 class=\"p1\">Einblick in Praxis und Forschung \u2013 von der Fl\u00e4che bis zur Aussaat<\/h3><p>Nach einer herzlichen Begr\u00fc\u00dfung durch Vertreter:innen von uns und der regionalen Landwirtschaft startete die Veranstaltung mit einer gef\u00fchrten Begehung des angrenzenden Haferfelds. Dort wurden verschiedene Hafersorten pr\u00e4sentiert und direkt auf dem Feld ihre Eigenschaften und Anbaubesonderheiten erl\u00e4utert.<\/p><p>Anschlie\u00dfend folgten kompakte Fachvortr\u00e4ge, in denen Expert:innen Empfehlungen zur anstehenden Herbstaussaat 2025 gaben und praxisnahe Hinweise zur Sortenwahl, Saatgutqualit\u00e4t und Anbaustrategien vermittelten. Die Teilnehmer:innen nutzten zudem die Gelegenheit f\u00fcr pers\u00f6nliche Gespr\u00e4che, Erfahrungsaustausch und zum Kn\u00fcpfen neuer Partnerschaften.<\/p><h3>Ein Tag im Zeichen des Hafers<\/h3><p>Der Hafertag bot nicht nur fundiertes Fachwissen, sondern auch eine Plattform zur St\u00e4rkung des regionalen Netzwerks. Die gelungene Kombination aus Praxisbezug, wissenschaftlicher Expertise und partnerschaftlichem Dialog machte die Veranstaltung zu einem inspirierenden Impuls f\u00fcr den Haferanbau in Mecklenburg-Vorpommern.<\/p><p>\u00a0<\/p>\t\t\t\t\t\t\t\t<\/div>\n\t\t\t\t\t<\/div>\n\t\t\t\t<\/div>\n\t\t<div class=\"elementor-element elementor-element-08ca650 e-flex e-con-boxed e-con e-parent\" data-id=\"08ca650\" data-element_type=\"container\" data-e-type=\"container\">\n\t\t\t\t\t<div class=\"e-con-inner\">\n\t\t\t\t<div class=\"elementor-element elementor-element-2f1d9b9 elementor-widget elementor-widget-gallery\" data-id=\"2f1d9b9\" data-element_type=\"widget\" data-e-type=\"widget\" data-settings=\"{&quot;gallery_layout&quot;:&quot;grid&quot;,&quot;columns&quot;:4,&quot;columns_tablet&quot;:2,&quot;columns_mobile&quot;:1,&quot;gap&quot;:{&quot;unit&quot;:&quot;px&quot;,&quot;size&quot;:10,&quot;sizes&quot;:[]},&quot;gap_tablet&quot;:{&quot;unit&quot;:&quot;px&quot;,&quot;size&quot;:10,&quot;sizes&quot;:[]},&quot;gap_mobile&quot;:{&quot;unit&quot;:&quot;px&quot;,&quot;size&quot;:10,&quot;sizes&quot;:[]},&quot;link_to&quot;:&quot;file&quot;,&quot;aspect_ratio&quot;:&quot;3:2&quot;,&quot;overlay_background&quot;:&quot;yes&quot;,&quot;content_hover_animation&quot;:&quot;fade-in&quot;}\" data-widget_type=\"gallery.default\">\n\t\t\t\t\t\t\t<div class=\"elementor-gallery__container\">\n\t\t\t\t\t\t\t<a class=\"e-gallery-item elementor-gallery-item elementor-animated-content\" href=\"https:\/\/www.brueggen.com\/wp-content\/uploads\/sites\/5\/2025\/06\/250618_Hafertag-in-Thelkow-Bilder_MG_6018.jpg\" data-elementor-open-lightbox=\"yes\" data-elementor-lightbox-slideshow=\"2f1d9b9\" data-elementor-lightbox-title=\"Brueggen-Veranstaltungen-Hafertag-Thelkow\" data-e-action-hash=\"#elementor-action%3Aaction%3Dlightbox%26settings%3DeyJpZCI6Mjk3NzgsInVybCI6Imh0dHBzOlwvXC93d3cuYnJ1ZWdnZW4uY29tXC93cC1jb250ZW50XC91cGxvYWRzXC9zaXRlc1wvNVwvMjAyNVwvMDZcLzI1MDYxOF9IYWZlcnRhZy1pbi1UaGVsa293LUJpbGRlcl9NR182MDE4LmpwZyIsInNsaWRlc2hvdyI6IjJmMWQ5YjkifQ%3D%3D\">\n\t\t\t\t\t<div class=\"e-gallery-image elementor-gallery-item__image\" data-thumbnail=\"https:\/\/www.brueggen.com\/wp-content\/uploads\/sites\/5\/2025\/06\/250618_Hafertag-in-Thelkow-Bilder_MG_6018-300x200.jpg\" data-width=\"300\" data-height=\"200\" aria-label=\"\" role=\"img\" ><\/div>\n\t\t\t\t\t\t\t\t\t\t\t<div class=\"elementor-gallery-item__overlay\"><\/div>\n\t\t\t\t\t\t\t\t\t\t\t\t\t\t<\/a>\n\t\t\t\t\t\t\t<a class=\"e-gallery-item elementor-gallery-item elementor-animated-content\" href=\"https:\/\/www.brueggen.com\/wp-content\/uploads\/sites\/5\/2025\/06\/250618_Hafertag-in-Thelkow-Bilder_MG_6645.jpg\" data-elementor-open-lightbox=\"yes\" data-elementor-lightbox-slideshow=\"2f1d9b9\" data-elementor-lightbox-title=\"Brueggen-Veranstaltungen-Hafertag-Thelkow\" data-e-action-hash=\"#elementor-action%3Aaction%3Dlightbox%26settings%3DeyJpZCI6Mjk4NTMsInVybCI6Imh0dHBzOlwvXC93d3cuYnJ1ZWdnZW4uY29tXC93cC1jb250ZW50XC91cGxvYWRzXC9zaXRlc1wvNVwvMjAyNVwvMDZcLzI1MDYxOF9IYWZlcnRhZy1pbi1UaGVsa293LUJpbGRlcl9NR182NjQ1LmpwZyIsInNsaWRlc2hvdyI6IjJmMWQ5YjkifQ%3D%3D\">\n\t\t\t\t\t<div class=\"e-gallery-image elementor-gallery-item__image\" data-thumbnail=\"https:\/\/www.brueggen.com\/wp-content\/uploads\/sites\/5\/2025\/06\/250618_Hafertag-in-Thelkow-Bilder_MG_6645-300x200.jpg\" data-width=\"300\" data-height=\"200\" aria-label=\"Das Bild zeigt eine Hand, die durch ein gr\u00fcnes Haferfeld schweift.\" role=\"img\" ><\/div>\n\t\t\t\t\t\t\t\t\t\t\t<div class=\"elementor-gallery-item__overlay\"><\/div>\n\t\t\t\t\t\t\t\t\t\t\t\t\t\t<\/a>\n\t\t\t\t\t\t\t<a class=\"e-gallery-item elementor-gallery-item elementor-animated-content\" href=\"https:\/\/www.brueggen.com\/wp-content\/uploads\/sites\/5\/2025\/06\/250618_Hafertag-in-Thelkow-Bilder_MG_6478.jpg\" data-elementor-open-lightbox=\"yes\" data-elementor-lightbox-slideshow=\"2f1d9b9\" data-elementor-lightbox-title=\"Brueggen-Veranstaltungen-Hafertag-Thelkow\" data-e-action-hash=\"#elementor-action%3Aaction%3Dlightbox%26settings%3DeyJpZCI6Mjk4MjMsInVybCI6Imh0dHBzOlwvXC93d3cuYnJ1ZWdnZW4uY29tXC93cC1jb250ZW50XC91cGxvYWRzXC9zaXRlc1wvNVwvMjAyNVwvMDZcLzI1MDYxOF9IYWZlcnRhZy1pbi1UaGVsa293LUJpbGRlcl9NR182NDc4LmpwZyIsInNsaWRlc2hvdyI6IjJmMWQ5YjkifQ%3D%3D\">\n\t\t\t\t\t<div class=\"e-gallery-image elementor-gallery-item__image\" data-thumbnail=\"https:\/\/www.brueggen.com\/wp-content\/uploads\/sites\/5\/2025\/06\/250618_Hafertag-in-Thelkow-Bilder_MG_6478-300x200.jpg\" data-width=\"300\" data-height=\"200\" aria-label=\"Das Bild zeigt ein gr\u00fcnes Haferfeld, in dem mehrere Personen stehen.\" role=\"img\" ><\/div>\n\t\t\t\t\t\t\t\t\t\t\t<div class=\"elementor-gallery-item__overlay\"><\/div>\n\t\t\t\t\t\t\t\t\t\t\t\t\t\t<\/a>\n\t\t\t\t\t\t\t<a class=\"e-gallery-item elementor-gallery-item elementor-animated-content\" href=\"https:\/\/www.brueggen.com\/wp-content\/uploads\/sites\/5\/2025\/06\/250618_Hafertag-in-Thelkow-Bilder_MG_6544.jpg\" data-elementor-open-lightbox=\"yes\" data-elementor-lightbox-slideshow=\"2f1d9b9\" data-elementor-lightbox-title=\"Brueggen-Veranstaltungen-Hafertag-Thelkow\" data-elementor-lightbox-description=\"Gr\u00fcnes Haferfeld aufgenommen am Hafertag mit Br\u00fcggen am 18.06.2025 in Thelkow\" data-e-action-hash=\"#elementor-action%3Aaction%3Dlightbox%26settings%3DeyJpZCI6Mjk4MzMsInVybCI6Imh0dHBzOlwvXC93d3cuYnJ1ZWdnZW4uY29tXC93cC1jb250ZW50XC91cGxvYWRzXC9zaXRlc1wvNVwvMjAyNVwvMDZcLzI1MDYxOF9IYWZlcnRhZy1pbi1UaGVsa293LUJpbGRlcl9NR182NTQ0LmpwZyIsInNsaWRlc2hvdyI6IjJmMWQ5YjkifQ%3D%3D\">\n\t\t\t\t\t<div class=\"e-gallery-image elementor-gallery-item__image\" data-thumbnail=\"https:\/\/www.brueggen.com\/wp-content\/uploads\/sites\/5\/2025\/06\/250618_Hafertag-in-Thelkow-Bilder_MG_6544-300x200.jpg\" data-width=\"300\" data-height=\"200\" aria-label=\"Das Bild zeigt einen Pfadweg durch ein gr\u00fcnes Haferfeld.\" role=\"img\" ><\/div>\n\t\t\t\t\t\t\t\t\t\t\t<div class=\"elementor-gallery-item__overlay\"><\/div>\n\t\t\t\t\t\t\t\t\t\t\t\t\t\t<\/a>\n\t\t\t\t\t\t\t<a class=\"e-gallery-item elementor-gallery-item elementor-animated-content\" href=\"https:\/\/www.brueggen.com\/wp-content\/uploads\/sites\/5\/2025\/06\/250618_Hafertag-in-Thelkow-Bilder_MG_6168.jpg\" data-elementor-open-lightbox=\"yes\" data-elementor-lightbox-slideshow=\"2f1d9b9\" data-elementor-lightbox-title=\"Brueggen-Veranstaltungen-Hafertag-Thelkow\" data-e-action-hash=\"#elementor-action%3Aaction%3Dlightbox%26settings%3DeyJpZCI6Mjk4MDgsInVybCI6Imh0dHBzOlwvXC93d3cuYnJ1ZWdnZW4uY29tXC93cC1jb250ZW50XC91cGxvYWRzXC9zaXRlc1wvNVwvMjAyNVwvMDZcLzI1MDYxOF9IYWZlcnRhZy1pbi1UaGVsa293LUJpbGRlcl9NR182MTY4LmpwZyIsInNsaWRlc2hvdyI6IjJmMWQ5YjkifQ%3D%3D\">\n\t\t\t\t\t<div class=\"e-gallery-image elementor-gallery-item__image\" data-thumbnail=\"https:\/\/www.brueggen.com\/wp-content\/uploads\/sites\/5\/2025\/06\/250618_Hafertag-in-Thelkow-Bilder_MG_6168-300x200.jpg\" data-width=\"300\" data-height=\"200\" aria-label=\"Das Bild zeigt ein gro\u00dfes, wei\u00dfes Festzelt mit Menschen, die davor stehen und sich unterhalten.\" role=\"img\" ><\/div>\n\t\t\t\t\t\t\t\t\t\t\t<div class=\"elementor-gallery-item__overlay\"><\/div>\n\t\t\t\t\t\t\t\t\t\t\t\t\t\t<\/a>\n\t\t\t\t\t\t\t<a class=\"e-gallery-item elementor-gallery-item elementor-animated-content\" href=\"https:\/\/www.brueggen.com\/wp-content\/uploads\/sites\/5\/2025\/06\/250618_Hafertag-in-Thelkow-Bilder_MG_6526.jpg\" data-elementor-open-lightbox=\"yes\" data-elementor-lightbox-slideshow=\"2f1d9b9\" data-elementor-lightbox-title=\"Brueggen-Veranstaltungen-Hafertag-Thelkow\" data-e-action-hash=\"#elementor-action%3Aaction%3Dlightbox%26settings%3DeyJpZCI6Mjk4MjgsInVybCI6Imh0dHBzOlwvXC93d3cuYnJ1ZWdnZW4uY29tXC93cC1jb250ZW50XC91cGxvYWRzXC9zaXRlc1wvNVwvMjAyNVwvMDZcLzI1MDYxOF9IYWZlcnRhZy1pbi1UaGVsa293LUJpbGRlcl9NR182NTI2LmpwZyIsInNsaWRlc2hvdyI6IjJmMWQ5YjkifQ%3D%3D\">\n\t\t\t\t\t<div class=\"e-gallery-image elementor-gallery-item__image\" data-thumbnail=\"https:\/\/www.brueggen.com\/wp-content\/uploads\/sites\/5\/2025\/06\/250618_Hafertag-in-Thelkow-Bilder_MG_6526-300x200.jpg\" data-width=\"300\" data-height=\"200\" aria-label=\"Das Bild zeigt ein gr\u00fcnes Haferfeld, in dem mehrere Personen stehen.\" role=\"img\" ><\/div>\n\t\t\t\t\t\t\t\t\t\t\t<div class=\"elementor-gallery-item__overlay\"><\/div>\n\t\t\t\t\t\t\t\t\t\t\t\t\t\t<\/a>\n\t\t\t\t\t\t\t<a class=\"e-gallery-item elementor-gallery-item elementor-animated-content\" href=\"https:\/\/www.brueggen.com\/wp-content\/uploads\/sites\/5\/2025\/06\/250618_Hafertag-in-Thelkow-Bilder_MG_6453.jpg\" data-elementor-open-lightbox=\"yes\" data-elementor-lightbox-slideshow=\"2f1d9b9\" data-elementor-lightbox-title=\"Brueggen-Veranstaltungen-Hafertag-Thelkow\" data-e-action-hash=\"#elementor-action%3Aaction%3Dlightbox%26settings%3DeyJpZCI6Mjk4MTgsInVybCI6Imh0dHBzOlwvXC93d3cuYnJ1ZWdnZW4uY29tXC93cC1jb250ZW50XC91cGxvYWRzXC9zaXRlc1wvNVwvMjAyNVwvMDZcLzI1MDYxOF9IYWZlcnRhZy1pbi1UaGVsa293LUJpbGRlcl9NR182NDUzLmpwZyIsInNsaWRlc2hvdyI6IjJmMWQ5YjkifQ%3D%3D\">\n\t\t\t\t\t<div class=\"e-gallery-image elementor-gallery-item__image\" data-thumbnail=\"https:\/\/www.brueggen.com\/wp-content\/uploads\/sites\/5\/2025\/06\/250618_Hafertag-in-Thelkow-Bilder_MG_6453-300x200.jpg\" data-width=\"300\" data-height=\"200\" aria-label=\"Das Bild zeigt ein gr\u00fcnes Haferfeld, in dem mehrere Personen stehen.\" role=\"img\" ><\/div>\n\t\t\t\t\t\t\t\t\t\t\t<div class=\"elementor-gallery-item__overlay\"><\/div>\n\t\t\t\t\t\t\t\t\t\t\t\t\t\t<\/a>\n\t\t\t\t\t\t\t<a class=\"e-gallery-item elementor-gallery-item elementor-animated-content\" href=\"https:\/\/www.brueggen.com\/wp-content\/uploads\/sites\/5\/2025\/06\/250618_Hafertag-in-Thelkow-Bilder_MG_5925.jpg\" data-elementor-open-lightbox=\"yes\" data-elementor-lightbox-slideshow=\"2f1d9b9\" data-elementor-lightbox-title=\"Brueggen-Veranstaltungen-Hafertag-Thelkow\" data-e-action-hash=\"#elementor-action%3Aaction%3Dlightbox%26settings%3DeyJpZCI6Mjk3NzMsInVybCI6Imh0dHBzOlwvXC93d3cuYnJ1ZWdnZW4uY29tXC93cC1jb250ZW50XC91cGxvYWRzXC9zaXRlc1wvNVwvMjAyNVwvMDZcLzI1MDYxOF9IYWZlcnRhZy1pbi1UaGVsa293LUJpbGRlcl9NR181OTI1LmpwZyIsInNsaWRlc2hvdyI6IjJmMWQ5YjkifQ%3D%3D\">\n\t\t\t\t\t<div class=\"e-gallery-image elementor-gallery-item__image\" data-thumbnail=\"https:\/\/www.brueggen.com\/wp-content\/uploads\/sites\/5\/2025\/06\/250618_Hafertag-in-Thelkow-Bilder_MG_5925-300x200.jpg\" data-width=\"300\" data-height=\"200\" aria-label=\"Das Bild zeigt ein bordeauxfarbenes Br\u00fcggen-Schild, welches am Stra\u00dfenrand steht.\" role=\"img\" ><\/div>\n\t\t\t\t\t\t\t\t\t\t\t<div class=\"elementor-gallery-item__overlay\"><\/div>\n\t\t\t\t\t\t\t\t\t\t\t\t\t\t<\/a>\n\t\t\t\t\t<\/div>\n\t\t\t\t\t<\/div>\n\t\t\t\t\t<\/div>\n\t\t\t\t<\/div>\n\t\t\t\t<\/div>\n\t\t","protected":false},"excerpt":{"rendered":"<p>Am 18. Juni 2025 veranstaltet Br\u00fcggen in Thelkow (MV) den diesj\u00e4hrigen Hafertag \u2013 ein Branchentreff f\u00fcr Landwirt:innen, Expert:innen und Partner aus der norddeutschen Landwirtschaft.<\/p>\n","protected":false},"author":55,"featured_media":29872,"comment_status":"open","ping_status":"open","sticky":false,"template":"","format":"standard","meta":{"_kad_post_transparent":"","_kad_post_title":"","_kad_post_layout":"","_kad_post_sidebar_id":"","_kad_post_content_style":"","_kad_post_vertical_padding":"","_kad_post_feature":"","_kad_post_feature_position":"","_kad_post_header":false,"_kad_post_footer":false,"footnotes":""},"categories":[1,141],"tags":[],"class_list":["post-28740","post","type-post","status-publish","format-standard","has-post-thumbnail","hentry","category-allgemein","category-rohstoffe-partner-2"],"_links":{"self":[{"href":"https:\/\/www.brueggen.com\/de\/wp-json\/wp\/v2\/posts\/28740","targetHints":{"allow":["GET"]}}],"collection":[{"href":"https:\/\/www.brueggen.com\/de\/wp-json\/wp\/v2\/posts"}],"about":[{"href":"https:\/\/www.brueggen.com\/de\/wp-json\/wp\/v2\/types\/post"}],"author":[{"embeddable":true,"href":"https:\/\/www.brueggen.com\/de\/wp-json\/wp\/v2\/users\/55"}],"replies":[{"embeddable":true,"href":"https:\/\/www.brueggen.com\/de\/wp-json\/wp\/v2\/comments?post=28740"}],"version-history":[{"count":19,"href":"https:\/\/www.brueggen.com\/de\/wp-json\/wp\/v2\/posts\/28740\/revisions"}],"predecessor-version":[{"id":33399,"href":"https:\/\/www.brueggen.com\/de\/wp-json\/wp\/v2\/posts\/28740\/revisions\/33399"}],"wp:featuredmedia":[{"embeddable":true,"href":"https:\/\/www.brueggen.com\/de\/wp-json\/wp\/v2\/media\/29872"}],"wp:attachment":[{"href":"https:\/\/www.brueggen.com\/de\/wp-json\/wp\/v2\/media?parent=28740"}],"wp:term":[{"taxonomy":"category","embeddable":true,"href":"https:\/\/www.brueggen.com\/de\/wp-json\/wp\/v2\/categories?post=28740"},{"taxonomy":"post_tag","embeddable":true,"href":"https:\/\/www.brueggen.com\/de\/wp-json\/wp\/v2\/tags?post=28740"}],"curies":[{"name":"wp","href":"https:\/\/api.w.org\/{rel}","templated":true}]}}