{"id":30405,"date":"2025-08-06T10:16:47","date_gmt":"2025-08-06T08:16:47","guid":{"rendered":"https:\/\/www.brueggen.com\/?p=30405"},"modified":"2026-02-20T23:03:16","modified_gmt":"2026-02-20T22:03:16","slug":"nachhaltigkeit-baumpflanz-challenge","status":"publish","type":"post","link":"https:\/\/www.brueggen.com\/de\/nachhaltigkeit-baumpflanz-challenge\/","title":{"rendered":"Br\u00fcggen packt mit an \u2013 Baumpflanz-Challenge"},"content":{"rendered":"\t\t<div data-elementor-type=\"wp-post\" data-elementor-id=\"30405\" class=\"elementor elementor-30405\" data-elementor-post-type=\"post\">\n\t\t\t\t<div class=\"elementor-element elementor-element-3822479 e-flex e-con-boxed e-con e-parent\" data-id=\"3822479\" data-element_type=\"container\" data-e-type=\"container\">\n\t\t\t\t\t<div class=\"e-con-inner\">\n\t\t\t\t<div class=\"elementor-element elementor-element-1703bb4 elementor-widget elementor-widget-heading\" data-id=\"1703bb4\" data-element_type=\"widget\" data-e-type=\"widget\" data-widget_type=\"heading.default\">\n\t\t\t\t\t<h3 class=\"elementor-heading-title elementor-size-default\">Br\u00fcggen packt mit an \u2013 Baumpflanz-Challenge<\/h3>\t\t\t\t<\/div>\n\t\t\t\t<div class=\"elementor-element elementor-element-b308933 elementor-widget elementor-widget-heading\" data-id=\"b308933\" data-element_type=\"widget\" data-e-type=\"widget\" data-widget_type=\"heading.default\">\n\t\t\t\t\t<h1 class=\"elementor-heading-title elementor-size-default\">Gemeinsam Wurzeln schlagen \u2013 f\u00fcr eine nachhaltige Zukunft bei Br\u00fcggen<\/h1>\t\t\t\t<\/div>\n\t\t\t\t\t<\/div>\n\t\t\t\t<\/div>\n\t\t<div class=\"elementor-element elementor-element-8eda7b1 e-flex e-con-boxed e-con e-parent\" data-id=\"8eda7b1\" data-element_type=\"container\" data-e-type=\"container\">\n\t\t\t\t\t<div class=\"e-con-inner\">\n\t\t\t\t<div class=\"elementor-element elementor-element-ce8cef4 elementor-widget elementor-widget-text-editor\" data-id=\"ce8cef4\" data-element_type=\"widget\" data-e-type=\"widget\" data-widget_type=\"text-editor.default\">\n\t\t\t\t\t\t\t\t\t<p>Auf Einladung von frischli haben wir mit Freude an der Baumpflanz-Challenge teilgenommen \u2013 ganz im Zeichen unseres Engagements f\u00fcr mehr Nachhaltigkeit. Denn jedes noch so kleine B\u00e4umchen ist ein Symbol f\u00fcr Verantwortung, Gemeinschaft und Zukunft.<br \/><span style=\"text-align: var(--text-align); letter-spacing: 0em;\">Besonders sch\u00f6n: Wir durften die Aktion direkt in unserem eigenen Garten der Br\u00fcggen-Villa umsetzen.<\/span><\/p><h3 class=\"p1\">Nachhaltigkeit, die Fr\u00fcchte tr\u00e4gt<\/h3><p>Nachhaltigkeit bedeutet f\u00fcr uns mehr als nur energieeffiziente Prozesse oder die Nutzung regionaler Rohstoffe. Sie zeigt sich auch in kleinen, sichtbaren Zeichen \u2013 wie unserer Pflanzaktion:<br \/>Eine Kirsche und eine Birne fanden ihren Platz im Garten der Villa und sollen nicht nur uns, sondern auch heimischen Insekten Freude bereiten. Ein lebendiges Zeichen f\u00fcr gr\u00fcne Verantwortung.<\/p><h3>Mit vereinter Kraft: Auszubildende und Kolleginnen am Werk<\/h3><p>Tatkr\u00e4ftige Unterst\u00fctzung gab es von unseren Auszubildenden und Kolleginnen, die mit Schaufel, guter Laune und viel Teamgeist f\u00fcr das erfolgreiche Einpflanzen gesorgt haben.<br \/><strong>Danke f\u00fcr euren tollen Einsatz!<\/strong><\/p>\t\t\t\t\t\t\t\t<\/div>\n\t\t\t\t\t<\/div>\n\t\t\t\t<\/div>\n\t\t<div class=\"elementor-element elementor-element-95adb5e e-flex e-con-boxed e-con e-parent\" data-id=\"95adb5e\" data-element_type=\"container\" data-e-type=\"container\">\n\t\t\t\t\t<div class=\"e-con-inner\">\n\t\t\t\t<div class=\"elementor-element elementor-element-c71be5f elementor-widget elementor-widget-gallery\" data-id=\"c71be5f\" data-element_type=\"widget\" data-e-type=\"widget\" data-settings=\"{&quot;gallery_layout&quot;:&quot;grid&quot;,&quot;columns&quot;:4,&quot;columns_tablet&quot;:2,&quot;columns_mobile&quot;:1,&quot;gap&quot;:{&quot;unit&quot;:&quot;px&quot;,&quot;size&quot;:10,&quot;sizes&quot;:[]},&quot;gap_tablet&quot;:{&quot;unit&quot;:&quot;px&quot;,&quot;size&quot;:10,&quot;sizes&quot;:[]},&quot;gap_mobile&quot;:{&quot;unit&quot;:&quot;px&quot;,&quot;size&quot;:10,&quot;sizes&quot;:[]},&quot;link_to&quot;:&quot;file&quot;,&quot;aspect_ratio&quot;:&quot;3:2&quot;,&quot;overlay_background&quot;:&quot;yes&quot;,&quot;content_hover_animation&quot;:&quot;fade-in&quot;}\" data-widget_type=\"gallery.default\">\n\t\t\t\t\t\t\t<div class=\"elementor-gallery__container\">\n\t\t\t\t\t\t\t<a class=\"e-gallery-item elementor-gallery-item elementor-animated-content\" href=\"https:\/\/www.brueggen.com\/wp-content\/uploads\/sites\/5\/2025\/08\/250804_Baumpflanz-Aktion-SocialMedia-Nominierung-von-Frischli-BILDER_MG_3332.jpg\" data-elementor-open-lightbox=\"yes\" data-elementor-lightbox-slideshow=\"c71be5f\" data-elementor-lightbox-title=\"Brueggen-Aktion-Baumpflanz-Challenge\" data-e-action-hash=\"#elementor-action%3Aaction%3Dlightbox%26settings%3DeyJpZCI6MzA0MzQsInVybCI6Imh0dHBzOlwvXC93d3cuYnJ1ZWdnZW4uY29tXC93cC1jb250ZW50XC91cGxvYWRzXC9zaXRlc1wvNVwvMjAyNVwvMDhcLzI1MDgwNF9CYXVtcGZsYW56LUFrdGlvbi1Tb2NpYWxNZWRpYS1Ob21pbmllcnVuZy12b24tRnJpc2NobGktQklMREVSX01HXzMzMzIuanBnIiwic2xpZGVzaG93IjoiYzcxYmU1ZiJ9\">\n\t\t\t\t\t<div class=\"e-gallery-image elementor-gallery-item__image\" data-thumbnail=\"https:\/\/www.brueggen.com\/wp-content\/uploads\/sites\/5\/2025\/08\/250804_Baumpflanz-Aktion-SocialMedia-Nominierung-von-Frischli-BILDER_MG_3332-300x200.jpg\" data-width=\"300\" data-height=\"200\" aria-label=\"Ein junger Mann schiebt eine Schubkarre, in der zwei Spaten liegen. Ein weiterer junger Mann geht nebenher.\" role=\"img\" ><\/div>\n\t\t\t\t\t\t\t\t\t\t\t<div class=\"elementor-gallery-item__overlay\"><\/div>\n\t\t\t\t\t\t\t\t\t\t\t\t\t\t<\/a>\n\t\t\t\t\t\t\t<a class=\"e-gallery-item elementor-gallery-item elementor-animated-content\" href=\"https:\/\/www.brueggen.com\/wp-content\/uploads\/sites\/5\/2025\/08\/250804_Baumpflanz-Aktion-SocialMedia-Nominierung-von-Frischli-BILDER_MG_3441.jpg\" data-elementor-open-lightbox=\"yes\" data-elementor-lightbox-slideshow=\"c71be5f\" data-elementor-lightbox-title=\"Brueggen-Aktion-Baumpflanz-Challenge\" data-e-action-hash=\"#elementor-action%3Aaction%3Dlightbox%26settings%3DeyJpZCI6MzA0NDcsInVybCI6Imh0dHBzOlwvXC93d3cuYnJ1ZWdnZW4uY29tXC93cC1jb250ZW50XC91cGxvYWRzXC9zaXRlc1wvNVwvMjAyNVwvMDhcLzI1MDgwNF9CYXVtcGZsYW56LUFrdGlvbi1Tb2NpYWxNZWRpYS1Ob21pbmllcnVuZy12b24tRnJpc2NobGktQklMREVSX01HXzM0NDEuanBnIiwic2xpZGVzaG93IjoiYzcxYmU1ZiJ9\">\n\t\t\t\t\t<div class=\"e-gallery-image elementor-gallery-item__image\" data-thumbnail=\"https:\/\/www.brueggen.com\/wp-content\/uploads\/sites\/5\/2025\/08\/250804_Baumpflanz-Aktion-SocialMedia-Nominierung-von-Frischli-BILDER_MG_3441-300x200.jpg\" data-width=\"300\" data-height=\"200\" aria-label=\"Eine junge Frau und ein junger Mann heben mit zwei Spaten Erde aus einer Wiese aus.\" role=\"img\" ><\/div>\n\t\t\t\t\t\t\t\t\t\t\t<div class=\"elementor-gallery-item__overlay\"><\/div>\n\t\t\t\t\t\t\t\t\t\t\t\t\t\t<\/a>\n\t\t\t\t\t\t\t<a class=\"e-gallery-item elementor-gallery-item elementor-animated-content\" href=\"https:\/\/www.brueggen.com\/wp-content\/uploads\/sites\/5\/2025\/08\/250804_Baumpflanz-Aktion-SocialMedia-Nominierung-von-Frischli-BILDER_MG_3423.jpg\" data-elementor-open-lightbox=\"yes\" data-elementor-lightbox-slideshow=\"c71be5f\" data-elementor-lightbox-title=\"Brueggen-Aktion-Baumpflanz-Challenge\" data-e-action-hash=\"#elementor-action%3Aaction%3Dlightbox%26settings%3DeyJpZCI6MzA0NDIsInVybCI6Imh0dHBzOlwvXC93d3cuYnJ1ZWdnZW4uY29tXC93cC1jb250ZW50XC91cGxvYWRzXC9zaXRlc1wvNVwvMjAyNVwvMDhcLzI1MDgwNF9CYXVtcGZsYW56LUFrdGlvbi1Tb2NpYWxNZWRpYS1Ob21pbmllcnVuZy12b24tRnJpc2NobGktQklMREVSX01HXzM0MjMuanBnIiwic2xpZGVzaG93IjoiYzcxYmU1ZiJ9\">\n\t\t\t\t\t<div class=\"e-gallery-image elementor-gallery-item__image\" data-thumbnail=\"https:\/\/www.brueggen.com\/wp-content\/uploads\/sites\/5\/2025\/08\/250804_Baumpflanz-Aktion-SocialMedia-Nominierung-von-Frischli-BILDER_MG_3423-300x200.jpg\" data-width=\"300\" data-height=\"200\" aria-label=\"Eine junge Frau schiebt eine Schubkarre in einem Garten von A nach B. In der Schubkarre befinden sich Schaufel und Spaten.\" role=\"img\" ><\/div>\n\t\t\t\t\t\t\t\t\t\t\t<div class=\"elementor-gallery-item__overlay\"><\/div>\n\t\t\t\t\t\t\t\t\t\t\t\t\t\t<\/a>\n\t\t\t\t\t\t\t<a class=\"e-gallery-item elementor-gallery-item elementor-animated-content\" href=\"https:\/\/www.brueggen.com\/wp-content\/uploads\/sites\/5\/2025\/08\/250804_Baumpflanz-Aktion-SocialMedia-Nominierung-von-Frischli-BILDER_MG_3602.jpg\" data-elementor-open-lightbox=\"yes\" data-elementor-lightbox-slideshow=\"c71be5f\" data-elementor-lightbox-title=\"Brueggen-Aktion-Baumpflanz-Challenge\" data-e-action-hash=\"#elementor-action%3Aaction%3Dlightbox%26settings%3DeyJpZCI6MzA0NTcsInVybCI6Imh0dHBzOlwvXC93d3cuYnJ1ZWdnZW4uY29tXC93cC1jb250ZW50XC91cGxvYWRzXC9zaXRlc1wvNVwvMjAyNVwvMDhcLzI1MDgwNF9CYXVtcGZsYW56LUFrdGlvbi1Tb2NpYWxNZWRpYS1Ob21pbmllcnVuZy12b24tRnJpc2NobGktQklMREVSX01HXzM2MDIuanBnIiwic2xpZGVzaG93IjoiYzcxYmU1ZiJ9\">\n\t\t\t\t\t<div class=\"e-gallery-image elementor-gallery-item__image\" data-thumbnail=\"https:\/\/www.brueggen.com\/wp-content\/uploads\/sites\/5\/2025\/08\/250804_Baumpflanz-Aktion-SocialMedia-Nominierung-von-Frischli-BILDER_MG_3602-300x200.jpg\" data-width=\"300\" data-height=\"200\" aria-label=\"Zwei junge M\u00e4nner sch\u00fctten Erde in ein Loch, in das sie gerade ein kleines B\u00e4umchen eingesetzt haben.\" role=\"img\" ><\/div>\n\t\t\t\t\t\t\t\t\t\t\t<div class=\"elementor-gallery-item__overlay\"><\/div>\n\t\t\t\t\t\t\t\t\t\t\t\t\t\t<\/a>\n\t\t\t\t\t<\/div>\n\t\t\t\t\t<\/div>\n\t\t\t\t\t<\/div>\n\t\t\t\t<\/div>\n\t\t<div class=\"elementor-element elementor-element-3a11a19 e-flex e-con-boxed e-con e-parent\" data-id=\"3a11a19\" data-element_type=\"container\" data-e-type=\"container\">\n\t\t\t\t\t<div class=\"e-con-inner\">\n\t\t\t\t<div class=\"elementor-element elementor-element-80b0dca elementor-widget elementor-widget-text-editor\" data-id=\"80b0dca\" data-element_type=\"widget\" data-e-type=\"widget\" data-widget_type=\"text-editor.default\">\n\t\t\t\t\t\t\t\t\t<h3>Bl\u00fchende Aussichten<\/h3><p>Wir hoffen auf kr\u00e4ftiges Wachstum, sch\u00f6ne Bl\u00fcten im Fr\u00fchling und leckere Fr\u00fcchte im Sommer. Die beiden Obstb\u00e4ume sind ab sofort im Garten der Villa zu bestaunen \u2013 ein kleiner Beitrag mit gro\u00dfer Wirkung.<\/p><h3>Impressionen der Aktion<\/h3><p>Weitere Einblicke in die Pflanzaktion gibt es auf dieser Seite in den Bildergalerien.<br \/>Noch mehr Behind-the-Scenes-Momente findet ihr auf unseren Social-Media-Kan\u00e4len \u2013 reinschauen lohnt sich!<\/p>\t\t\t\t\t\t\t\t<\/div>\n\t\t\t\t\t<\/div>\n\t\t\t\t<\/div>\n\t\t<div class=\"elementor-element elementor-element-1367a48 e-flex e-con-boxed e-con e-parent\" data-id=\"1367a48\" data-element_type=\"container\" data-e-type=\"container\">\n\t\t\t\t\t<div class=\"e-con-inner\">\n\t\t\t\t<div class=\"elementor-element elementor-element-c868293 elementor-widget elementor-widget-gallery\" data-id=\"c868293\" data-element_type=\"widget\" data-e-type=\"widget\" data-settings=\"{&quot;gallery_layout&quot;:&quot;grid&quot;,&quot;columns&quot;:4,&quot;columns_tablet&quot;:2,&quot;columns_mobile&quot;:1,&quot;gap&quot;:{&quot;unit&quot;:&quot;px&quot;,&quot;size&quot;:10,&quot;sizes&quot;:[]},&quot;gap_tablet&quot;:{&quot;unit&quot;:&quot;px&quot;,&quot;size&quot;:10,&quot;sizes&quot;:[]},&quot;gap_mobile&quot;:{&quot;unit&quot;:&quot;px&quot;,&quot;size&quot;:10,&quot;sizes&quot;:[]},&quot;link_to&quot;:&quot;file&quot;,&quot;aspect_ratio&quot;:&quot;3:2&quot;,&quot;overlay_background&quot;:&quot;yes&quot;,&quot;content_hover_animation&quot;:&quot;fade-in&quot;}\" data-widget_type=\"gallery.default\">\n\t\t\t\t\t\t\t<div class=\"elementor-gallery__container\">\n\t\t\t\t\t\t\t<a class=\"e-gallery-item elementor-gallery-item elementor-animated-content\" href=\"https:\/\/www.brueggen.com\/wp-content\/uploads\/sites\/5\/2025\/08\/250804_Baumpflanz-Aktion-SocialMedia-Nominierung-von-Frischli-BILDER_MG_3907.jpg\" data-elementor-open-lightbox=\"yes\" data-elementor-lightbox-slideshow=\"c868293\" data-elementor-lightbox-title=\"Brueggen-Aktion-Baumpflanz-Challenge\" data-e-action-hash=\"#elementor-action%3Aaction%3Dlightbox%26settings%3DeyJpZCI6MzA0NjcsInVybCI6Imh0dHBzOlwvXC93d3cuYnJ1ZWdnZW4uY29tXC93cC1jb250ZW50XC91cGxvYWRzXC9zaXRlc1wvNVwvMjAyNVwvMDhcLzI1MDgwNF9CYXVtcGZsYW56LUFrdGlvbi1Tb2NpYWxNZWRpYS1Ob21pbmllcnVuZy12b24tRnJpc2NobGktQklMREVSX01HXzM5MDcuanBnIiwic2xpZGVzaG93IjoiYzg2ODI5MyJ9\">\n\t\t\t\t\t<div class=\"e-gallery-image elementor-gallery-item__image\" data-thumbnail=\"https:\/\/www.brueggen.com\/wp-content\/uploads\/sites\/5\/2025\/08\/250804_Baumpflanz-Aktion-SocialMedia-Nominierung-von-Frischli-BILDER_MG_3907-300x200.jpg\" data-width=\"300\" data-height=\"200\" aria-label=\"Eine junge Frau tr\u00e4gt eine Leiter \u00fcber ihrem Kopf.\" role=\"img\" ><\/div>\n\t\t\t\t\t\t\t\t\t\t\t<div class=\"elementor-gallery-item__overlay\"><\/div>\n\t\t\t\t\t\t\t\t\t\t\t\t\t\t<\/a>\n\t\t\t\t\t\t\t<a class=\"e-gallery-item elementor-gallery-item elementor-animated-content\" href=\"https:\/\/www.brueggen.com\/wp-content\/uploads\/sites\/5\/2025\/08\/250804_Baumpflanz-Aktion-SocialMedia-Nominierung-von-Frischli-BILDER_MG_3550.jpg\" data-elementor-open-lightbox=\"yes\" data-elementor-lightbox-slideshow=\"c868293\" data-elementor-lightbox-title=\"Brueggen-Aktion-Baumpflanz-Challenge\" data-e-action-hash=\"#elementor-action%3Aaction%3Dlightbox%26settings%3DeyJpZCI6MzA0NTIsInVybCI6Imh0dHBzOlwvXC93d3cuYnJ1ZWdnZW4uY29tXC93cC1jb250ZW50XC91cGxvYWRzXC9zaXRlc1wvNVwvMjAyNVwvMDhcLzI1MDgwNF9CYXVtcGZsYW56LUFrdGlvbi1Tb2NpYWxNZWRpYS1Ob21pbmllcnVuZy12b24tRnJpc2NobGktQklMREVSX01HXzM1NTAuanBnIiwic2xpZGVzaG93IjoiYzg2ODI5MyJ9\">\n\t\t\t\t\t<div class=\"e-gallery-image elementor-gallery-item__image\" data-thumbnail=\"https:\/\/www.brueggen.com\/wp-content\/uploads\/sites\/5\/2025\/08\/250804_Baumpflanz-Aktion-SocialMedia-Nominierung-von-Frischli-BILDER_MG_3550-300x200.jpg\" data-width=\"300\" data-height=\"200\" aria-label=\"Zwei junge M\u00e4nner heben mit Spaten ein Loch auf einer Wiese aus und sch\u00fctten Erde in eine Schubkarre.\" role=\"img\" ><\/div>\n\t\t\t\t\t\t\t\t\t\t\t<div class=\"elementor-gallery-item__overlay\"><\/div>\n\t\t\t\t\t\t\t\t\t\t\t\t\t\t<\/a>\n\t\t\t\t\t\t\t<a class=\"e-gallery-item elementor-gallery-item elementor-animated-content\" href=\"https:\/\/www.brueggen.com\/wp-content\/uploads\/sites\/5\/2025\/08\/250804_Baumpflanz-Aktion-SocialMedia-Nominierung-von-Frischli-BILDER_MG_4068.jpg\" data-elementor-open-lightbox=\"yes\" data-elementor-lightbox-slideshow=\"c868293\" data-elementor-lightbox-title=\"Brueggen-Aktion-Baumpflanz-Challenge\" data-e-action-hash=\"#elementor-action%3Aaction%3Dlightbox%26settings%3DeyJpZCI6MzA0NzIsInVybCI6Imh0dHBzOlwvXC93d3cuYnJ1ZWdnZW4uY29tXC93cC1jb250ZW50XC91cGxvYWRzXC9zaXRlc1wvNVwvMjAyNVwvMDhcLzI1MDgwNF9CYXVtcGZsYW56LUFrdGlvbi1Tb2NpYWxNZWRpYS1Ob21pbmllcnVuZy12b24tRnJpc2NobGktQklMREVSX01HXzQwNjguanBnIiwic2xpZGVzaG93IjoiYzg2ODI5MyJ9\">\n\t\t\t\t\t<div class=\"e-gallery-image elementor-gallery-item__image\" data-thumbnail=\"https:\/\/www.brueggen.com\/wp-content\/uploads\/sites\/5\/2025\/08\/250804_Baumpflanz-Aktion-SocialMedia-Nominierung-von-Frischli-BILDER_MG_4068-300x200.jpg\" data-width=\"300\" data-height=\"200\" aria-label=\"Eine Schubkarre steht im Vordergrund, gef\u00fcllt mit Erde. Im Hintergrund heben drei junge Frauen mit Spaten Erde aus dem Boden.\" role=\"img\" ><\/div>\n\t\t\t\t\t\t\t\t\t\t\t<div class=\"elementor-gallery-item__overlay\"><\/div>\n\t\t\t\t\t\t\t\t\t\t\t\t\t\t<\/a>\n\t\t\t\t\t\t\t<a class=\"e-gallery-item elementor-gallery-item elementor-animated-content\" href=\"https:\/\/www.brueggen.com\/wp-content\/uploads\/sites\/5\/2025\/08\/250804_Baumpflanz-Aktion-SocialMedia-Nominierung-von-Frischli-BILDER_MG_4177.jpg\" data-elementor-open-lightbox=\"yes\" data-elementor-lightbox-slideshow=\"c868293\" data-elementor-lightbox-title=\"Brueggen-Aktion-Baumpflanz-Challenge\" data-e-action-hash=\"#elementor-action%3Aaction%3Dlightbox%26settings%3DeyJpZCI6MzA0NzcsInVybCI6Imh0dHBzOlwvXC93d3cuYnJ1ZWdnZW4uY29tXC93cC1jb250ZW50XC91cGxvYWRzXC9zaXRlc1wvNVwvMjAyNVwvMDhcLzI1MDgwNF9CYXVtcGZsYW56LUFrdGlvbi1Tb2NpYWxNZWRpYS1Ob21pbmllcnVuZy12b24tRnJpc2NobGktQklMREVSX01HXzQxNzcuanBnIiwic2xpZGVzaG93IjoiYzg2ODI5MyJ9\">\n\t\t\t\t\t<div class=\"e-gallery-image elementor-gallery-item__image\" data-thumbnail=\"https:\/\/www.brueggen.com\/wp-content\/uploads\/sites\/5\/2025\/08\/250804_Baumpflanz-Aktion-SocialMedia-Nominierung-von-Frischli-BILDER_MG_4177-300x200.jpg\" data-width=\"300\" data-height=\"200\" aria-label=\"Eine Gruppe von jungen Leuten pflanzen ein kleines B\u00e4umchen in die Erde.\" role=\"img\" ><\/div>\n\t\t\t\t\t\t\t\t\t\t\t<div class=\"elementor-gallery-item__overlay\"><\/div>\n\t\t\t\t\t\t\t\t\t\t\t\t\t\t<\/a>\n\t\t\t\t\t\t\t<a class=\"e-gallery-item elementor-gallery-item elementor-animated-content\" href=\"https:\/\/www.brueggen.com\/wp-content\/uploads\/sites\/5\/2025\/08\/250804_Baumpflanz-Aktion-SocialMedia-Nominierung-von-Frischli-BILDER_MG_4260.jpg\" data-elementor-open-lightbox=\"yes\" data-elementor-lightbox-slideshow=\"c868293\" data-elementor-lightbox-title=\"Brueggen-Aktion-Baumpflanz-Challenge\" data-e-action-hash=\"#elementor-action%3Aaction%3Dlightbox%26settings%3DeyJpZCI6MzA0ODIsInVybCI6Imh0dHBzOlwvXC93d3cuYnJ1ZWdnZW4uY29tXC93cC1jb250ZW50XC91cGxvYWRzXC9zaXRlc1wvNVwvMjAyNVwvMDhcLzI1MDgwNF9CYXVtcGZsYW56LUFrdGlvbi1Tb2NpYWxNZWRpYS1Ob21pbmllcnVuZy12b24tRnJpc2NobGktQklMREVSX01HXzQyNjAuanBnIiwic2xpZGVzaG93IjoiYzg2ODI5MyJ9\">\n\t\t\t\t\t<div class=\"e-gallery-image elementor-gallery-item__image\" data-thumbnail=\"https:\/\/www.brueggen.com\/wp-content\/uploads\/sites\/5\/2025\/08\/250804_Baumpflanz-Aktion-SocialMedia-Nominierung-von-Frischli-BILDER_MG_4260-300x200.jpg\" data-width=\"300\" data-height=\"200\" aria-label=\"Zwei junge Frauen halten eine Leiter fest, w\u00e4hrend eine dritte junge Frau auf der Leiter einen Pfahl in die Erde hammert.\" role=\"img\" ><\/div>\n\t\t\t\t\t\t\t\t\t\t\t<div class=\"elementor-gallery-item__overlay\"><\/div>\n\t\t\t\t\t\t\t\t\t\t\t\t\t\t<\/a>\n\t\t\t\t\t\t\t<a class=\"e-gallery-item elementor-gallery-item elementor-animated-content\" href=\"https:\/\/www.brueggen.com\/wp-content\/uploads\/sites\/5\/2025\/08\/250804_Baumpflanz-Aktion-SocialMedia-Nominierung-von-Frischli-BILDER_MG_3861.jpg\" data-elementor-open-lightbox=\"yes\" data-elementor-lightbox-slideshow=\"c868293\" data-elementor-lightbox-title=\"Brueggen-Aktion-Baumpflanz-Challenge\" data-e-action-hash=\"#elementor-action%3Aaction%3Dlightbox%26settings%3DeyJpZCI6MzA0NjIsInVybCI6Imh0dHBzOlwvXC93d3cuYnJ1ZWdnZW4uY29tXC93cC1jb250ZW50XC91cGxvYWRzXC9zaXRlc1wvNVwvMjAyNVwvMDhcLzI1MDgwNF9CYXVtcGZsYW56LUFrdGlvbi1Tb2NpYWxNZWRpYS1Ob21pbmllcnVuZy12b24tRnJpc2NobGktQklMREVSX01HXzM4NjEuanBnIiwic2xpZGVzaG93IjoiYzg2ODI5MyJ9\">\n\t\t\t\t\t<div class=\"e-gallery-image elementor-gallery-item__image\" data-thumbnail=\"https:\/\/www.brueggen.com\/wp-content\/uploads\/sites\/5\/2025\/08\/250804_Baumpflanz-Aktion-SocialMedia-Nominierung-von-Frischli-BILDER_MG_3861-300x200.jpg\" data-width=\"300\" data-height=\"200\" aria-label=\"Ein junger Mann nagelt eine Schn\u00fcre an einen Holzpfahl.\" role=\"img\" ><\/div>\n\t\t\t\t\t\t\t\t\t\t\t<div class=\"elementor-gallery-item__overlay\"><\/div>\n\t\t\t\t\t\t\t\t\t\t\t\t\t\t<\/a>\n\t\t\t\t\t\t\t<a class=\"e-gallery-item elementor-gallery-item elementor-animated-content\" href=\"https:\/\/www.brueggen.com\/wp-content\/uploads\/sites\/5\/2025\/08\/250804_Baumpflanz-Aktion-SocialMedia-Nominierung-von-Frischli-BILDER_MG_4339.jpg\" data-elementor-open-lightbox=\"yes\" data-elementor-lightbox-slideshow=\"c868293\" data-elementor-lightbox-title=\"Brueggen-Aktion-Baumpflanz-Challenge\" data-elementor-lightbox-description=\"Br\u00fcggen Baumpflanz-Aktion f\u00fcr die Nominierung durch Frischli im Garten der Villa der H. &amp; J. Br\u00fcggen KG\" data-e-action-hash=\"#elementor-action%3Aaction%3Dlightbox%26settings%3DeyJpZCI6MzA0ODcsInVybCI6Imh0dHBzOlwvXC93d3cuYnJ1ZWdnZW4uY29tXC93cC1jb250ZW50XC91cGxvYWRzXC9zaXRlc1wvNVwvMjAyNVwvMDhcLzI1MDgwNF9CYXVtcGZsYW56LUFrdGlvbi1Tb2NpYWxNZWRpYS1Ob21pbmllcnVuZy12b24tRnJpc2NobGktQklMREVSX01HXzQzMzkuanBnIiwic2xpZGVzaG93IjoiYzg2ODI5MyJ9\">\n\t\t\t\t\t<div class=\"e-gallery-image elementor-gallery-item__image\" data-thumbnail=\"https:\/\/www.brueggen.com\/wp-content\/uploads\/sites\/5\/2025\/08\/250804_Baumpflanz-Aktion-SocialMedia-Nominierung-von-Frischli-BILDER_MG_4339-300x200.jpg\" data-width=\"300\" data-height=\"200\" aria-label=\"Zwei junge Frauen binden eine Schn\u00fcre an einem Pfahl fest, der ein kleines B\u00e4umchen st\u00fctzen soll.\" role=\"img\" ><\/div>\n\t\t\t\t\t\t\t\t\t\t\t<div class=\"elementor-gallery-item__overlay\"><\/div>\n\t\t\t\t\t\t\t\t\t\t\t\t\t\t<\/a>\n\t\t\t\t\t\t\t<a class=\"e-gallery-item elementor-gallery-item elementor-animated-content\" href=\"https:\/\/www.brueggen.com\/wp-content\/uploads\/sites\/5\/2025\/08\/250804_Baumpflanz-Aktion-SocialMedia-Nominierung-von-Frischli-BILDER_MG_4449.jpg\" data-elementor-open-lightbox=\"yes\" data-elementor-lightbox-slideshow=\"c868293\" data-elementor-lightbox-title=\"Brueggen-Aktion-Baumpflanz-Challenge\" data-e-action-hash=\"#elementor-action%3Aaction%3Dlightbox%26settings%3DeyJpZCI6MzA0OTIsInVybCI6Imh0dHBzOlwvXC93d3cuYnJ1ZWdnZW4uY29tXC93cC1jb250ZW50XC91cGxvYWRzXC9zaXRlc1wvNVwvMjAyNVwvMDhcLzI1MDgwNF9CYXVtcGZsYW56LUFrdGlvbi1Tb2NpYWxNZWRpYS1Ob21pbmllcnVuZy12b24tRnJpc2NobGktQklMREVSX01HXzQ0NDkuanBnIiwic2xpZGVzaG93IjoiYzg2ODI5MyJ9\">\n\t\t\t\t\t<div class=\"e-gallery-image elementor-gallery-item__image\" data-thumbnail=\"https:\/\/www.brueggen.com\/wp-content\/uploads\/sites\/5\/2025\/08\/250804_Baumpflanz-Aktion-SocialMedia-Nominierung-von-Frischli-BILDER_MG_4449-300x200.jpg\" data-width=\"300\" data-height=\"200\" aria-label=\"Drei junge Frauen und ein junger Mann stehen neben einem frisch gepflanzten B\u00e4umchen f\u00fcr ein Gruppenfoto.\" role=\"img\" ><\/div>\n\t\t\t\t\t\t\t\t\t\t\t<div class=\"elementor-gallery-item__overlay\"><\/div>\n\t\t\t\t\t\t\t\t\t\t\t\t\t\t<\/a>\n\t\t\t\t\t<\/div>\n\t\t\t\t\t<\/div>\n\t\t\t\t\t<\/div>\n\t\t\t\t<\/div>\n\t\t\t\t<\/div>\n\t\t","protected":false},"excerpt":{"rendered":"<p>Auf Einladung von frischli haben wir mit Freude an der Baumpflanz-Challenge teilgenommen \u2013 ganz im Zeichen unseres Engagements f\u00fcr mehr Nachhaltigkeit.<\/p>\n","protected":false},"author":54,"featured_media":30406,"comment_status":"closed","ping_status":"open","sticky":false,"template":"","format":"standard","meta":{"_kad_post_transparent":"","_kad_post_title":"","_kad_post_layout":"","_kad_post_sidebar_id":"","_kad_post_content_style":"","_kad_post_vertical_padding":"","_kad_post_feature":"","_kad_post_feature_position":"","_kad_post_header":false,"_kad_post_footer":false,"footnotes":""},"categories":[1],"tags":[],"class_list":["post-30405","post","type-post","status-publish","format-standard","has-post-thumbnail","hentry","category-allgemein"],"_links":{"self":[{"href":"https:\/\/www.brueggen.com\/de\/wp-json\/wp\/v2\/posts\/30405","targetHints":{"allow":["GET"]}}],"collection":[{"href":"https:\/\/www.brueggen.com\/de\/wp-json\/wp\/v2\/posts"}],"about":[{"href":"https:\/\/www.brueggen.com\/de\/wp-json\/wp\/v2\/types\/post"}],"author":[{"embeddable":true,"href":"https:\/\/www.brueggen.com\/de\/wp-json\/wp\/v2\/users\/54"}],"replies":[{"embeddable":true,"href":"https:\/\/www.brueggen.com\/de\/wp-json\/wp\/v2\/comments?post=30405"}],"version-history":[{"count":13,"href":"https:\/\/www.brueggen.com\/de\/wp-json\/wp\/v2\/posts\/30405\/revisions"}],"predecessor-version":[{"id":33311,"href":"https:\/\/www.brueggen.com\/de\/wp-json\/wp\/v2\/posts\/30405\/revisions\/33311"}],"wp:featuredmedia":[{"embeddable":true,"href":"https:\/\/www.brueggen.com\/de\/wp-json\/wp\/v2\/media\/30406"}],"wp:attachment":[{"href":"https:\/\/www.brueggen.com\/de\/wp-json\/wp\/v2\/media?parent=30405"}],"wp:term":[{"taxonomy":"category","embeddable":true,"href":"https:\/\/www.brueggen.com\/de\/wp-json\/wp\/v2\/categories?post=30405"},{"taxonomy":"post_tag","embeddable":true,"href":"https:\/\/www.brueggen.com\/de\/wp-json\/wp\/v2\/tags?post=30405"}],"curies":[{"name":"wp","href":"https:\/\/api.w.org\/{rel}","templated":true}]}}