{"id":30539,"date":"2025-08-12T13:53:05","date_gmt":"2025-08-12T11:53:05","guid":{"rendered":"https:\/\/www.brueggen.com\/?p=30539"},"modified":"2026-02-20T23:51:26","modified_gmt":"2026-02-20T22:51:26","slug":"ausbildung-abschlussfeier","status":"publish","type":"post","link":"https:\/\/www.brueggen.com\/de\/ausbildung-abschlussfeier\/","title":{"rendered":"Azubi-Abschlussfeier 2025"},"content":{"rendered":"\t\t<div data-elementor-type=\"wp-post\" data-elementor-id=\"30539\" class=\"elementor elementor-30539\" data-elementor-post-type=\"post\">\n\t\t\t\t<div class=\"elementor-element elementor-element-852d820 e-flex e-con-boxed e-con e-parent\" data-id=\"852d820\" data-element_type=\"container\" data-e-type=\"container\">\n\t\t\t\t\t<div class=\"e-con-inner\">\n\t\t\t\t<div class=\"elementor-element elementor-element-b02688e elementor-widget elementor-widget-heading\" data-id=\"b02688e\" data-element_type=\"widget\" data-e-type=\"widget\" data-widget_type=\"heading.default\">\n\t\t\t\t\t<h3 class=\"elementor-heading-title elementor-size-default\">Azubi-Abschlussfeier 2025<\/h3>\t\t\t\t<\/div>\n\t\t\t\t<div class=\"elementor-element elementor-element-3070440 elementor-widget elementor-widget-heading\" data-id=\"3070440\" data-element_type=\"widget\" data-e-type=\"widget\" data-widget_type=\"heading.default\">\n\t\t\t\t\t<h1 class=\"elementor-heading-title elementor-size-default\">Gemeinsam geschafft \u2013 gemeinsam geht\u2019s weiter!<\/h1>\t\t\t\t<\/div>\n\t\t\t\t\t<\/div>\n\t\t\t\t<\/div>\n\t\t<div class=\"elementor-element elementor-element-08eadb4 e-flex e-con-boxed e-con e-parent\" data-id=\"08eadb4\" data-element_type=\"container\" data-e-type=\"container\">\n\t\t\t\t\t<div class=\"e-con-inner\">\n\t\t\t\t<div class=\"elementor-element elementor-element-f0cc70d elementor-widget elementor-widget-text-editor\" data-id=\"f0cc70d\" data-element_type=\"widget\" data-e-type=\"widget\" data-widget_type=\"text-editor.default\">\n\t\t\t\t\t\t\t\t\t<p><strong>Wir gratulieren unseren 14 Absolvent:innen herzlich zum erfolgreichen Abschluss ihrer Ausbildung bei Br\u00fcggen!<br \/><\/strong>Der Moment, wenn die letzte Pr\u00fcfung abgegeben ist und das erste Zeugnis in den H\u00e4nden liegt, ist etwas ganz Besonderes: eine Mischung aus Stolz, Aufregung und Vorfreude auf alles, was kommt. Unsere Absolvent:innen haben diesen Meilenstein nun erreicht und wir sind stolz auf jede und jeden von ihnen.<\/p>\t\t\t\t\t\t\t\t<\/div>\n\t\t\t\t\t<\/div>\n\t\t\t\t<\/div>\n\t\t<div class=\"elementor-element elementor-element-c668351 e-flex e-con-boxed e-con e-parent\" data-id=\"c668351\" data-element_type=\"container\" data-e-type=\"container\">\n\t\t\t\t\t<div class=\"e-con-inner\">\n\t\t\t\t<div class=\"elementor-element elementor-element-d8b3c33 elementor-widget elementor-widget-gallery\" data-id=\"d8b3c33\" data-element_type=\"widget\" data-e-type=\"widget\" data-settings=\"{&quot;gallery_layout&quot;:&quot;justified&quot;,&quot;ideal_row_height&quot;:{&quot;unit&quot;:&quot;px&quot;,&quot;size&quot;:200,&quot;sizes&quot;:[]},&quot;ideal_row_height_tablet&quot;:{&quot;unit&quot;:&quot;px&quot;,&quot;size&quot;:150,&quot;sizes&quot;:[]},&quot;ideal_row_height_mobile&quot;:{&quot;unit&quot;:&quot;px&quot;,&quot;size&quot;:150,&quot;sizes&quot;:[]},&quot;gap&quot;:{&quot;unit&quot;:&quot;px&quot;,&quot;size&quot;:10,&quot;sizes&quot;:[]},&quot;gap_tablet&quot;:{&quot;unit&quot;:&quot;px&quot;,&quot;size&quot;:10,&quot;sizes&quot;:[]},&quot;gap_mobile&quot;:{&quot;unit&quot;:&quot;px&quot;,&quot;size&quot;:10,&quot;sizes&quot;:[]},&quot;overlay_background&quot;:&quot;yes&quot;,&quot;content_hover_animation&quot;:&quot;fade-in&quot;}\" data-widget_type=\"gallery.default\">\n\t\t\t\t\t\t\t<div class=\"elementor-gallery__container\">\n\t\t\t\t\t\t\t<div class=\"e-gallery-item elementor-gallery-item elementor-animated-content\">\n\t\t\t\t\t<div class=\"e-gallery-image elementor-gallery-item__image\" data-thumbnail=\"https:\/\/www.brueggen.com\/wp-content\/uploads\/sites\/5\/2025\/08\/250805_Verabschiedung-der-Azubis-2025-BILDER_MG_5691-300x199.jpg\" data-width=\"300\" data-height=\"199\" aria-label=\"Zwei Ausbilder (Mann und Frau) und f\u00fcnf Auszubildende stehen in einer Reihe und l\u00e4cheln in die Kamera f\u00fcr ein Gruppenfoto. Vor ihnen stehen Pr\u00e4sentk\u00f6rbe.\" role=\"img\" ><\/div>\n\t\t\t\t\t\t\t\t\t\t\t<div class=\"elementor-gallery-item__overlay\"><\/div>\n\t\t\t\t\t\t\t\t\t\t\t\t\t\t<\/div>\n\t\t\t\t\t\t\t<div class=\"e-gallery-item elementor-gallery-item elementor-animated-content\">\n\t\t\t\t\t<div class=\"e-gallery-image elementor-gallery-item__image\" data-thumbnail=\"https:\/\/www.brueggen.com\/wp-content\/uploads\/sites\/5\/2025\/08\/250805_Verabschiedung-der-Azubis-2025-BILDER_MG_5700-300x232.jpg\" data-width=\"300\" data-height=\"232\" aria-label=\"Zwei Ausbilder (Mann und Frau) und ein Auszubildender l\u00e4cheln f\u00fcr ein Gruppenfoto in die Kamera.\" role=\"img\" ><\/div>\n\t\t\t\t\t\t\t\t\t\t\t<div class=\"elementor-gallery-item__overlay\"><\/div>\n\t\t\t\t\t\t\t\t\t\t\t\t\t\t<\/div>\n\t\t\t\t\t\t\t<div class=\"e-gallery-item elementor-gallery-item elementor-animated-content\">\n\t\t\t\t\t<div class=\"e-gallery-image elementor-gallery-item__image\" data-thumbnail=\"https:\/\/www.brueggen.com\/wp-content\/uploads\/sites\/5\/2025\/08\/250805_Verabschiedung-der-Azubis-2025-BILDER_MG_5801-300x222.jpg\" data-width=\"300\" data-height=\"222\" aria-label=\"Zwei Ausbilder (Mann und Frau) und vier Auszubildende stehen in einer Reihe und l\u00e4cheln f\u00fcr ein Gruppenfoto in die Kamera. Vor ihnen stehen Pr\u00e4sentk\u00f6rbe.\" role=\"img\" ><\/div>\n\t\t\t\t\t\t\t\t\t\t\t<div class=\"elementor-gallery-item__overlay\"><\/div>\n\t\t\t\t\t\t\t\t\t\t\t\t\t\t<\/div>\n\t\t\t\t\t<\/div>\n\t\t\t\t\t<\/div>\n\t\t\t\t\t<\/div>\n\t\t\t\t<\/div>\n\t\t<div class=\"elementor-element elementor-element-29bd502 e-flex e-con-boxed e-con e-parent\" data-id=\"29bd502\" data-element_type=\"container\" data-e-type=\"container\">\n\t\t\t\t\t<div class=\"e-con-inner\">\n\t\t\t\t<div class=\"elementor-element elementor-element-820289e elementor-widget elementor-widget-text-editor\" data-id=\"820289e\" data-element_type=\"widget\" data-e-type=\"widget\" data-widget_type=\"text-editor.default\">\n\t\t\t\t\t\t\t\t\t<p>In den vergangenen Jahren waren sie bereits ein fester Teil unserer #TheCerealFamily: engagiert, verantwortungsbewusst und voller Ideen. Umso mehr freut es uns, dass zw\u00f6lf von ihnen ihren Weg bei Br\u00fcggen fortsetzen.<br \/>Mit ihrem Wissen, ihrer Erfahrung und ihrem Einsatz bereichern sie nun als ausgebildete Fachkr\u00e4fte die Abteilungen, die sie schon aus der Ausbildungszeit bestens kennen. F\u00fcr uns ist klar: Lernen h\u00f6rt nie auf und gemeinsam geht\u2019s weiter!<\/p>\t\t\t\t\t\t\t\t<\/div>\n\t\t\t\t\t<\/div>\n\t\t\t\t<\/div>\n\t\t<div class=\"elementor-element elementor-element-83d014c e-flex e-con-boxed e-con e-parent\" data-id=\"83d014c\" data-element_type=\"container\" data-e-type=\"container\">\n\t\t\t\t\t<div class=\"e-con-inner\">\n\t\t\t\t<div class=\"elementor-element elementor-element-68b8585 elementor-widget elementor-widget-gallery\" data-id=\"68b8585\" data-element_type=\"widget\" data-e-type=\"widget\" data-settings=\"{&quot;gallery_layout&quot;:&quot;justified&quot;,&quot;ideal_row_height&quot;:{&quot;unit&quot;:&quot;px&quot;,&quot;size&quot;:200,&quot;sizes&quot;:[]},&quot;ideal_row_height_tablet&quot;:{&quot;unit&quot;:&quot;px&quot;,&quot;size&quot;:150,&quot;sizes&quot;:[]},&quot;ideal_row_height_mobile&quot;:{&quot;unit&quot;:&quot;px&quot;,&quot;size&quot;:150,&quot;sizes&quot;:[]},&quot;gap&quot;:{&quot;unit&quot;:&quot;px&quot;,&quot;size&quot;:10,&quot;sizes&quot;:[]},&quot;gap_tablet&quot;:{&quot;unit&quot;:&quot;px&quot;,&quot;size&quot;:10,&quot;sizes&quot;:[]},&quot;gap_mobile&quot;:{&quot;unit&quot;:&quot;px&quot;,&quot;size&quot;:10,&quot;sizes&quot;:[]},&quot;overlay_background&quot;:&quot;yes&quot;,&quot;content_hover_animation&quot;:&quot;fade-in&quot;}\" data-widget_type=\"gallery.default\">\n\t\t\t\t\t\t\t<div class=\"elementor-gallery__container\">\n\t\t\t\t\t\t\t<div class=\"e-gallery-item elementor-gallery-item elementor-animated-content\">\n\t\t\t\t\t<div class=\"e-gallery-image elementor-gallery-item__image\" data-thumbnail=\"https:\/\/www.brueggen.com\/wp-content\/uploads\/sites\/5\/2025\/08\/250805_Verabschiedung-der-Azubis-2025-BILDER_MG_5312-2-240x300.jpg\" data-width=\"240\" data-height=\"300\" aria-label=\"Junger Mann schaut freudig auf seinen Pr\u00e4sentkorb.\" role=\"img\" ><\/div>\n\t\t\t\t\t\t\t\t\t\t\t<div class=\"elementor-gallery-item__overlay\"><\/div>\n\t\t\t\t\t\t\t\t\t\t\t\t\t\t<\/div>\n\t\t\t\t\t\t\t<div class=\"e-gallery-item elementor-gallery-item elementor-animated-content\">\n\t\t\t\t\t<div class=\"e-gallery-image elementor-gallery-item__image\" data-thumbnail=\"https:\/\/www.brueggen.com\/wp-content\/uploads\/sites\/5\/2025\/08\/250805_Verabschiedung-der-Azubis-2025-BILDER_MG_5083-2-240x300.jpg\" data-width=\"240\" data-height=\"300\" aria-label=\"Ein Auszubildender schaut l\u00e4chelnd einen der Ausbilder an.\" role=\"img\" ><\/div>\n\t\t\t\t\t\t\t\t\t\t\t<div class=\"elementor-gallery-item__overlay\"><\/div>\n\t\t\t\t\t\t\t\t\t\t\t\t\t\t<\/div>\n\t\t\t\t\t\t\t<div class=\"e-gallery-item elementor-gallery-item elementor-animated-content\">\n\t\t\t\t\t<div class=\"e-gallery-image elementor-gallery-item__image\" data-thumbnail=\"https:\/\/www.brueggen.com\/wp-content\/uploads\/sites\/5\/2025\/08\/250805_Verabschiedung-der-Azubis-2025-BILDER_MG_5264-300x200.jpg\" data-width=\"300\" data-height=\"200\" aria-label=\"Junger Mann h\u00e4lt seinen Pr\u00e4sentkorb in den H\u00e4nden und l\u00e4chelt in die Kamera.\" role=\"img\" ><\/div>\n\t\t\t\t\t\t\t\t\t\t\t<div class=\"elementor-gallery-item__overlay\"><\/div>\n\t\t\t\t\t\t\t\t\t\t\t\t\t\t<\/div>\n\t\t\t\t\t\t\t<div class=\"e-gallery-item elementor-gallery-item elementor-animated-content\">\n\t\t\t\t\t<div class=\"e-gallery-image elementor-gallery-item__image\" data-thumbnail=\"https:\/\/www.brueggen.com\/wp-content\/uploads\/sites\/5\/2025\/08\/250805_Verabschiedung-der-Azubis-2025-BILDER_MG_5277-300x200.jpg\" data-width=\"300\" data-height=\"200\" aria-label=\"Eine Ausbilderin ist von hinten zu sehen und \u00fcberreicht einem Auszubildenden den Pr\u00e4sentkorb. Der Azubi l\u00e4chelt, w\u00e4hrend er auf den Pr\u00e4sentkrob schaut.\" role=\"img\" ><\/div>\n\t\t\t\t\t\t\t\t\t\t\t<div class=\"elementor-gallery-item__overlay\"><\/div>\n\t\t\t\t\t\t\t\t\t\t\t\t\t\t<\/div>\n\t\t\t\t\t\t\t<div class=\"e-gallery-item elementor-gallery-item elementor-animated-content\">\n\t\t\t\t\t<div class=\"e-gallery-image elementor-gallery-item__image\" data-thumbnail=\"https:\/\/www.brueggen.com\/wp-content\/uploads\/sites\/5\/2025\/08\/250805_Verabschiedung-der-Azubis-2025-BILDER_MG_4930-2-240x300.jpg\" data-width=\"240\" data-height=\"300\" aria-label=\"Junger Mann lacht und schaut seitlich an der Kamera vorbei.\" role=\"img\" ><\/div>\n\t\t\t\t\t\t\t\t\t\t\t<div class=\"elementor-gallery-item__overlay\"><\/div>\n\t\t\t\t\t\t\t\t\t\t\t\t\t\t<\/div>\n\t\t\t\t\t<\/div>\n\t\t\t\t\t<\/div>\n\t\t\t\t\t<\/div>\n\t\t\t\t<\/div>\n\t\t<div class=\"elementor-element elementor-element-d4701f1 e-flex e-con-boxed e-con e-parent\" data-id=\"d4701f1\" data-element_type=\"container\" data-e-type=\"container\">\n\t\t\t\t\t<div class=\"e-con-inner\">\n\t\t\t\t<div class=\"elementor-element elementor-element-1895aaa elementor-widget elementor-widget-text-editor\" data-id=\"1895aaa\" data-element_type=\"widget\" data-e-type=\"widget\" data-widget_type=\"text-editor.default\">\n\t\t\t\t\t\t\t\t\t<p><strong data-start=\"1048\" data-end=\"1088\">Herzlichen Gl\u00fcckwunsch an euch alle.<\/strong><br data-start=\"1088\" data-end=\"1091\" \/>Auf das, was war. Auf das, was ist.<br data-start=\"1126\" data-end=\"1129\" \/>Und ganz besonders auf das, was kommt.<\/p>\t\t\t\t\t\t\t\t<\/div>\n\t\t\t\t\t<\/div>\n\t\t\t\t<\/div>\n\t\t\t\t<\/div>\n\t\t","protected":false},"excerpt":{"rendered":"<p>Wir gratulieren unseren 14 Absolvent:innen herzlich zum erfolgreichen Abschluss ihrer Ausbildung bei Br\u00fcggen!<\/p>\n","protected":false},"author":54,"featured_media":30593,"comment_status":"open","ping_status":"open","sticky":false,"template":"","format":"standard","meta":{"_kad_post_transparent":"","_kad_post_title":"","_kad_post_layout":"","_kad_post_sidebar_id":"","_kad_post_content_style":"","_kad_post_vertical_padding":"","_kad_post_feature":"","_kad_post_feature_position":"","_kad_post_header":false,"_kad_post_footer":false,"footnotes":""},"categories":[1],"tags":[],"class_list":["post-30539","post","type-post","status-publish","format-standard","has-post-thumbnail","hentry","category-allgemein"],"_links":{"self":[{"href":"https:\/\/www.brueggen.com\/de\/wp-json\/wp\/v2\/posts\/30539","targetHints":{"allow":["GET"]}}],"collection":[{"href":"https:\/\/www.brueggen.com\/de\/wp-json\/wp\/v2\/posts"}],"about":[{"href":"https:\/\/www.brueggen.com\/de\/wp-json\/wp\/v2\/types\/post"}],"author":[{"embeddable":true,"href":"https:\/\/www.brueggen.com\/de\/wp-json\/wp\/v2\/users\/54"}],"replies":[{"embeddable":true,"href":"https:\/\/www.brueggen.com\/de\/wp-json\/wp\/v2\/comments?post=30539"}],"version-history":[{"count":16,"href":"https:\/\/www.brueggen.com\/de\/wp-json\/wp\/v2\/posts\/30539\/revisions"}],"predecessor-version":[{"id":33486,"href":"https:\/\/www.brueggen.com\/de\/wp-json\/wp\/v2\/posts\/30539\/revisions\/33486"}],"wp:featuredmedia":[{"embeddable":true,"href":"https:\/\/www.brueggen.com\/de\/wp-json\/wp\/v2\/media\/30593"}],"wp:attachment":[{"href":"https:\/\/www.brueggen.com\/de\/wp-json\/wp\/v2\/media?parent=30539"}],"wp:term":[{"taxonomy":"category","embeddable":true,"href":"https:\/\/www.brueggen.com\/de\/wp-json\/wp\/v2\/categories?post=30539"},{"taxonomy":"post_tag","embeddable":true,"href":"https:\/\/www.brueggen.com\/de\/wp-json\/wp\/v2\/tags?post=30539"}],"curies":[{"name":"wp","href":"https:\/\/api.w.org\/{rel}","templated":true}]}}