{"id":31936,"date":"2025-09-25T14:22:16","date_gmt":"2025-09-25T12:22:16","guid":{"rendered":"https:\/\/www.brueggen.com\/?p=31936"},"modified":"2026-02-20T23:50:39","modified_gmt":"2026-02-20T22:50:39","slug":"brueggen-ist-jetzt-bioland-partner","status":"publish","type":"post","link":"https:\/\/www.brueggen.com\/de\/brueggen-ist-jetzt-bioland-partner\/","title":{"rendered":"Br\u00fcggen ist jetzt Bioland-Partner"},"content":{"rendered":"\t\t<div data-elementor-type=\"wp-post\" data-elementor-id=\"31936\" class=\"elementor elementor-31936\" data-elementor-post-type=\"post\">\n\t\t\t\t<div class=\"elementor-element elementor-element-da28a14 e-flex e-con-boxed e-con e-parent\" data-id=\"da28a14\" data-element_type=\"container\" data-e-type=\"container\">\n\t\t\t\t\t<div class=\"e-con-inner\">\n\t\t\t\t<div class=\"elementor-element elementor-element-0cfb697 elementor-widget elementor-widget-heading\" data-id=\"0cfb697\" data-element_type=\"widget\" data-e-type=\"widget\" data-widget_type=\"heading.default\">\n\t\t\t\t\t<h3 class=\"elementor-heading-title elementor-size-default\">Br\u00fcggen ist jetzt Bioland-Partner<\/h3>\t\t\t\t<\/div>\n\t\t\t\t<div class=\"elementor-element elementor-element-cf7b843 elementor-widget elementor-widget-heading\" data-id=\"cf7b843\" data-element_type=\"widget\" data-e-type=\"widget\" data-widget_type=\"heading.default\">\n\t\t\t\t\t<h1 class=\"elementor-heading-title elementor-size-default\">Ein starkes Signal f\u00fcr nachhaltiges Wirtschaften und verantwortungsvolle Lebensmittelproduktion<\/h1>\t\t\t\t<\/div>\n\t\t\t\t\t<\/div>\n\t\t\t\t<\/div>\n\t\t<div class=\"elementor-element elementor-element-4e4807e e-grid e-con-boxed e-con e-parent\" data-id=\"4e4807e\" data-element_type=\"container\" data-e-type=\"container\">\n\t\t\t\t\t<div class=\"e-con-inner\">\n\t\t\t\t<div class=\"elementor-element elementor-element-8780b84 elementor-widget elementor-widget-text-editor\" data-id=\"8780b84\" data-element_type=\"widget\" data-e-type=\"widget\" data-widget_type=\"text-editor.default\">\n\t\t\t\t\t\t\t\t\t<p>Ende 2024 hat Br\u00fcggen einen wichtigen Schritt in Richtung nachhaltiges Wirtschaften gemacht: Wir sind offiziell Bioland-zertifiziert und Teil der starken Gemeinschaft der Bioland-Partner geworden.<br \/>Das sichtbarste Zeichen daf\u00fcr: das Bioland-Partner-Schild, das uns von<strong> Annette St\u00fcnke<\/strong>, Gesch\u00e4ftsf\u00fchrerin des Bioland-Landesverbandes Schleswig-Holstein\/Hamburg\/Mecklenburg-Vorpommern, und <strong>Simon Gerlach<\/strong> vom Rohwarenmanagement Bioland e.V. feierlich \u00fcbergeben wurde. Entgegengenommen wurde es von Br\u00fcggen-Mitarbeitenden, die mit viel Engagement am Projekt Bioland gearbeitet haben.<\/p>\t\t\t\t\t\t\t\t<\/div>\n\t\t\t\t<div class=\"elementor-element elementor-element-3c32282 elementor-widget elementor-widget-image\" data-id=\"3c32282\" data-element_type=\"widget\" data-e-type=\"widget\" data-widget_type=\"image.default\">\n\t\t\t\t\t\t\t\t\t\t\t\t\t\t\t<img decoding=\"async\" width=\"1024\" height=\"683\" src=\"https:\/\/www.brueggen.com\/wp-content\/uploads\/sites\/5\/2025\/09\/250918_Bioland-Partner-Schilduebergabe_MG_9076-1024x683.jpg\" class=\"attachment-large size-large wp-image-31950\" alt=\"\" srcset=\"https:\/\/www.brueggen.com\/wp-content\/uploads\/sites\/5\/2025\/09\/250918_Bioland-Partner-Schilduebergabe_MG_9076-1024x683.jpg 1024w, https:\/\/www.brueggen.com\/wp-content\/uploads\/sites\/5\/2025\/09\/250918_Bioland-Partner-Schilduebergabe_MG_9076-300x200.jpg 300w, https:\/\/www.brueggen.com\/wp-content\/uploads\/sites\/5\/2025\/09\/250918_Bioland-Partner-Schilduebergabe_MG_9076-768x512.jpg 768w, https:\/\/www.brueggen.com\/wp-content\/uploads\/sites\/5\/2025\/09\/250918_Bioland-Partner-Schilduebergabe_MG_9076-1536x1024.jpg 1536w, https:\/\/www.brueggen.com\/wp-content\/uploads\/sites\/5\/2025\/09\/250918_Bioland-Partner-Schilduebergabe_MG_9076-2048x1366.jpg 2048w\" sizes=\"(max-width: 1024px) 100vw, 1024px\" \/>\t\t\t\t\t\t\t\t\t\t\t\t\t\t\t<\/div>\n\t\t\t\t\t<\/div>\n\t\t\t\t<\/div>\n\t\t<div class=\"elementor-element elementor-element-fbe81a3 e-flex e-con-boxed e-con e-parent\" data-id=\"fbe81a3\" data-element_type=\"container\" data-e-type=\"container\">\n\t\t\t\t\t<div class=\"e-con-inner\">\n\t\t\t\t<div class=\"elementor-element elementor-element-a152597 elementor-widget elementor-widget-gallery\" data-id=\"a152597\" data-element_type=\"widget\" data-e-type=\"widget\" data-settings=\"{&quot;gallery_layout&quot;:&quot;justified&quot;,&quot;ideal_row_height&quot;:{&quot;unit&quot;:&quot;px&quot;,&quot;size&quot;:200,&quot;sizes&quot;:[]},&quot;ideal_row_height_tablet&quot;:{&quot;unit&quot;:&quot;px&quot;,&quot;size&quot;:150,&quot;sizes&quot;:[]},&quot;ideal_row_height_mobile&quot;:{&quot;unit&quot;:&quot;px&quot;,&quot;size&quot;:150,&quot;sizes&quot;:[]},&quot;gap&quot;:{&quot;unit&quot;:&quot;px&quot;,&quot;size&quot;:10,&quot;sizes&quot;:[]},&quot;gap_tablet&quot;:{&quot;unit&quot;:&quot;px&quot;,&quot;size&quot;:10,&quot;sizes&quot;:[]},&quot;gap_mobile&quot;:{&quot;unit&quot;:&quot;px&quot;,&quot;size&quot;:10,&quot;sizes&quot;:[]},&quot;overlay_background&quot;:&quot;yes&quot;,&quot;content_hover_animation&quot;:&quot;fade-in&quot;}\" data-widget_type=\"gallery.default\">\n\t\t\t\t\t\t\t<div class=\"elementor-gallery__container\">\n\t\t\t\t\t\t\t<div class=\"e-gallery-item elementor-gallery-item elementor-animated-content\">\n\t\t\t\t\t<div class=\"e-gallery-image elementor-gallery-item__image\" data-thumbnail=\"https:\/\/www.brueggen.com\/wp-content\/uploads\/sites\/5\/2025\/09\/250918_Bioland-Partner-Schilduebergabe_MG_9181-2-240x300.jpg\" data-width=\"240\" data-height=\"300\" aria-label=\"\" role=\"img\" ><\/div>\n\t\t\t\t\t\t\t\t\t\t\t<div class=\"elementor-gallery-item__overlay\"><\/div>\n\t\t\t\t\t\t\t\t\t\t\t\t\t\t<\/div>\n\t\t\t\t\t\t\t<div class=\"e-gallery-item elementor-gallery-item elementor-animated-content\">\n\t\t\t\t\t<div class=\"e-gallery-image elementor-gallery-item__image\" data-thumbnail=\"https:\/\/www.brueggen.com\/wp-content\/uploads\/sites\/5\/2025\/09\/250918_Bioland-Partner-Schilduebergabe_MG_9313-300x200.jpg\" data-width=\"300\" data-height=\"200\" aria-label=\"\" role=\"img\" ><\/div>\n\t\t\t\t\t\t\t\t\t\t\t<div class=\"elementor-gallery-item__overlay\"><\/div>\n\t\t\t\t\t\t\t\t\t\t\t\t\t\t<\/div>\n\t\t\t\t\t\t\t<div class=\"e-gallery-item elementor-gallery-item elementor-animated-content\">\n\t\t\t\t\t<div class=\"e-gallery-image elementor-gallery-item__image\" data-thumbnail=\"https:\/\/www.brueggen.com\/wp-content\/uploads\/sites\/5\/2025\/09\/250918_Bioland-Partner-Schilduebergabe_MG_9130-2-240x300.jpg\" data-width=\"240\" data-height=\"300\" aria-label=\"\" role=\"img\" ><\/div>\n\t\t\t\t\t\t\t\t\t\t\t<div class=\"elementor-gallery-item__overlay\"><\/div>\n\t\t\t\t\t\t\t\t\t\t\t\t\t\t<\/div>\n\t\t\t\t\t\t\t<div class=\"e-gallery-item elementor-gallery-item elementor-animated-content\">\n\t\t\t\t\t<div class=\"e-gallery-image elementor-gallery-item__image\" data-thumbnail=\"https:\/\/www.brueggen.com\/wp-content\/uploads\/sites\/5\/2025\/09\/250918_Bioland-Partner-Schilduebergabe_MG_9163-300x200.jpg\" data-width=\"300\" data-height=\"200\" aria-label=\"\" role=\"img\" ><\/div>\n\t\t\t\t\t\t\t\t\t\t\t<div class=\"elementor-gallery-item__overlay\"><\/div>\n\t\t\t\t\t\t\t\t\t\t\t\t\t\t<\/div>\n\t\t\t\t\t<\/div>\n\t\t\t\t\t<\/div>\n\t\t\t\t\t<\/div>\n\t\t\t\t<\/div>\n\t\t<div class=\"elementor-element elementor-element-5a03c37 e-grid e-con-boxed e-con e-parent\" data-id=\"5a03c37\" data-element_type=\"container\" data-e-type=\"container\">\n\t\t\t\t\t<div class=\"e-con-inner\">\n\t\t\t\t<div class=\"elementor-element elementor-element-6b35ab4 elementor-widget elementor-widget-text-editor\" data-id=\"6b35ab4\" data-element_type=\"widget\" data-e-type=\"widget\" data-widget_type=\"text-editor.default\">\n\t\t\t\t\t\t\t\t\t<h3 class=\"p1\">Gemeinsam f\u00fcr Nachhaltigkeit<\/h3><p>Die Partnerschaft steht f\u00fcr gemeinsame Werte:<br \/>&#8211; Klimaschutz &amp; Ressourcenschonung<br \/>&#8211; Soziale Verantwortung &amp; Fairness<br \/>&#8211; Innovationen f\u00fcr nachhaltige Lebensmittel<br \/>&#8211; Offenen Austausch und Zusammenarbeit auf Augenh\u00f6he<\/p>\t\t\t\t\t\t\t\t<\/div>\n\t\t\t\t<div class=\"elementor-element elementor-element-868fff1 elementor-widget elementor-widget-text-editor\" data-id=\"868fff1\" data-element_type=\"widget\" data-e-type=\"widget\" data-widget_type=\"text-editor.default\">\n\t\t\t\t\t\t\t\t\t<h3 class=\"p1\">Besuch in L\u00fcbeck<\/h3><p>Im Rahmen der \u00dcbergabe besuchten uns Annette St\u00fcnke und Simon Gerlach in L\u00fcbeck. Neben spannenden Gespr\u00e4chen \u00fcber den Ausbau unseres Bioland-Sortiments und die Rohwarenbeschaffung stand auch eine Produktionsf\u00fchrung auf dem Programm.<\/p>\t\t\t\t\t\t\t\t<\/div>\n\t\t\t\t\t<\/div>\n\t\t\t\t<\/div>\n\t\t<div class=\"elementor-element elementor-element-db32392 e-flex e-con-boxed e-con e-parent\" data-id=\"db32392\" data-element_type=\"container\" data-e-type=\"container\">\n\t\t\t\t\t<div class=\"e-con-inner\">\n\t\t\t\t<div class=\"elementor-element elementor-element-8ee6eea elementor-widget elementor-widget-text-editor\" data-id=\"8ee6eea\" data-element_type=\"widget\" data-e-type=\"widget\" data-widget_type=\"text-editor.default\">\n\t\t\t\t\t\t\t\t\t<p><strong>Wir freuen uns auf die Zusammenarbeit mit Bioland \u2013 und darauf, die Zukunft mit hochwertigen, nachhaltigen Produkten aktiv mitzugestalten.<\/strong><\/p>\t\t\t\t\t\t\t\t<\/div>\n\t\t\t\t\t<\/div>\n\t\t\t\t<\/div>\n\t\t\t\t<\/div>\n\t\t","protected":false},"excerpt":{"rendered":"<p>Mit der Bioland-Zertifizierung und der offiziellen Partnerschaft setzen wir bei Br\u00fcggen ein klares Zeichen f\u00fcr mehr Nachhaltigkeit, Innovationskraft und gelebte Verantwortung entlang der Wertsch\u00f6pfungskette.<\/p>\n","protected":false},"author":54,"featured_media":31069,"comment_status":"open","ping_status":"open","sticky":false,"template":"","format":"standard","meta":{"_kad_post_transparent":"","_kad_post_title":"","_kad_post_layout":"","_kad_post_sidebar_id":"","_kad_post_content_style":"","_kad_post_vertical_padding":"","_kad_post_feature":"","_kad_post_feature_position":"","_kad_post_header":false,"_kad_post_footer":false,"footnotes":""},"categories":[1],"tags":[],"class_list":["post-31936","post","type-post","status-publish","format-standard","has-post-thumbnail","hentry","category-allgemein"],"_links":{"self":[{"href":"https:\/\/www.brueggen.com\/de\/wp-json\/wp\/v2\/posts\/31936","targetHints":{"allow":["GET"]}}],"collection":[{"href":"https:\/\/www.brueggen.com\/de\/wp-json\/wp\/v2\/posts"}],"about":[{"href":"https:\/\/www.brueggen.com\/de\/wp-json\/wp\/v2\/types\/post"}],"author":[{"embeddable":true,"href":"https:\/\/www.brueggen.com\/de\/wp-json\/wp\/v2\/users\/54"}],"replies":[{"embeddable":true,"href":"https:\/\/www.brueggen.com\/de\/wp-json\/wp\/v2\/comments?post=31936"}],"version-history":[{"count":16,"href":"https:\/\/www.brueggen.com\/de\/wp-json\/wp\/v2\/posts\/31936\/revisions"}],"predecessor-version":[{"id":33480,"href":"https:\/\/www.brueggen.com\/de\/wp-json\/wp\/v2\/posts\/31936\/revisions\/33480"}],"wp:featuredmedia":[{"embeddable":true,"href":"https:\/\/www.brueggen.com\/de\/wp-json\/wp\/v2\/media\/31069"}],"wp:attachment":[{"href":"https:\/\/www.brueggen.com\/de\/wp-json\/wp\/v2\/media?parent=31936"}],"wp:term":[{"taxonomy":"category","embeddable":true,"href":"https:\/\/www.brueggen.com\/de\/wp-json\/wp\/v2\/categories?post=31936"},{"taxonomy":"post_tag","embeddable":true,"href":"https:\/\/www.brueggen.com\/de\/wp-json\/wp\/v2\/tags?post=31936"}],"curies":[{"name":"wp","href":"https:\/\/api.w.org\/{rel}","templated":true}]}}