{"id":32001,"date":"2025-09-25T14:20:01","date_gmt":"2025-09-25T12:20:01","guid":{"rendered":"https:\/\/www.brueggen.com\/?p=32001"},"modified":"2026-02-20T23:29:49","modified_gmt":"2026-02-20T22:29:49","slug":"sommerfest-2025","status":"publish","type":"post","link":"https:\/\/www.brueggen.com\/de\/sommerfest-2025\/","title":{"rendered":"Sommerfest 2025"},"content":{"rendered":"\t\t<div data-elementor-type=\"wp-post\" data-elementor-id=\"32001\" class=\"elementor elementor-32001\" data-elementor-post-type=\"post\">\n\t\t\t\t<div class=\"elementor-element elementor-element-a0f2870 e-flex e-con-boxed e-con e-parent\" data-id=\"a0f2870\" data-element_type=\"container\" data-e-type=\"container\">\n\t\t\t\t\t<div class=\"e-con-inner\">\n\t\t\t\t<div class=\"elementor-element elementor-element-cd33a3b elementor-widget elementor-widget-heading\" data-id=\"cd33a3b\" data-element_type=\"widget\" data-e-type=\"widget\" data-widget_type=\"heading.default\">\n\t\t\t\t\t<h3 class=\"elementor-heading-title elementor-size-default\">Sommerfest 2025<\/h3>\t\t\t\t<\/div>\n\t\t\t\t<div class=\"elementor-element elementor-element-defe136 elementor-widget elementor-widget-heading\" data-id=\"defe136\" data-element_type=\"widget\" data-e-type=\"widget\" data-widget_type=\"heading.default\">\n\t\t\t\t\t<h1 class=\"elementor-heading-title elementor-size-default\">Ein Tag voller Sonne, Genuss und Gemeinschaft<\/h1>\t\t\t\t<\/div>\n\t\t\t\t\t<\/div>\n\t\t\t\t<\/div>\n\t\t<div class=\"elementor-element elementor-element-c8b038c e-flex e-con-boxed e-con e-parent\" data-id=\"c8b038c\" data-element_type=\"container\" data-e-type=\"container\">\n\t\t\t\t\t<div class=\"e-con-inner\">\n\t\t\t\t<div class=\"elementor-element elementor-element-5a6c7ae elementor-widget elementor-widget-text-editor\" data-id=\"5a6c7ae\" data-element_type=\"widget\" data-e-type=\"widget\" data-widget_type=\"text-editor.default\">\n\t\t\t\t\t\t\t\t\t<p>Am ersten Septemberwochenende haben wir bei Br\u00fcggen unser allj\u00e4hrliches Sommerfest gefeiert \u2013 und sch\u00f6ner h\u00e4tte es kaum sein k\u00f6nnen. Bei strahlendem Wetter kamen zahlreiche Mitarbeitende mit ihren Familien zusammen, um einen entspannten Tag voller Genuss, Spa\u00df und Gemeinschaft zu erleben.<\/p>\t\t\t\t\t\t\t\t<\/div>\n\t\t\t\t\t<\/div>\n\t\t\t\t<\/div>\n\t\t<div class=\"elementor-element elementor-element-1bfe278 e-flex e-con-boxed e-con e-parent\" data-id=\"1bfe278\" data-element_type=\"container\" data-e-type=\"container\">\n\t\t\t\t\t<div class=\"e-con-inner\">\n\t\t\t\t<div class=\"elementor-element elementor-element-d6f0ae4 elementor-widget elementor-widget-gallery\" data-id=\"d6f0ae4\" data-element_type=\"widget\" data-e-type=\"widget\" data-settings=\"{&quot;gallery_layout&quot;:&quot;justified&quot;,&quot;ideal_row_height&quot;:{&quot;unit&quot;:&quot;px&quot;,&quot;size&quot;:200,&quot;sizes&quot;:[]},&quot;ideal_row_height_tablet&quot;:{&quot;unit&quot;:&quot;px&quot;,&quot;size&quot;:150,&quot;sizes&quot;:[]},&quot;ideal_row_height_mobile&quot;:{&quot;unit&quot;:&quot;px&quot;,&quot;size&quot;:150,&quot;sizes&quot;:[]},&quot;gap&quot;:{&quot;unit&quot;:&quot;px&quot;,&quot;size&quot;:10,&quot;sizes&quot;:[]},&quot;gap_tablet&quot;:{&quot;unit&quot;:&quot;px&quot;,&quot;size&quot;:10,&quot;sizes&quot;:[]},&quot;gap_mobile&quot;:{&quot;unit&quot;:&quot;px&quot;,&quot;size&quot;:10,&quot;sizes&quot;:[]},&quot;overlay_background&quot;:&quot;yes&quot;,&quot;content_hover_animation&quot;:&quot;fade-in&quot;}\" data-widget_type=\"gallery.default\">\n\t\t\t\t\t\t\t<div class=\"elementor-gallery__container\">\n\t\t\t\t\t\t\t<div class=\"e-gallery-item elementor-gallery-item elementor-animated-content\">\n\t\t\t\t\t<div class=\"e-gallery-image elementor-gallery-item__image\" data-thumbnail=\"https:\/\/www.brueggen.com\/wp-content\/uploads\/sites\/5\/2025\/09\/250907_Brueggen-Sommerfest-2025-Bilder_MG_0419-300x200.jpg\" data-width=\"300\" data-height=\"200\" aria-label=\"Drei M\u00e4nner stehen im Garten und halten, umringend von anderen Personen, eine Ansprache. Zwei von ihnen klatschen, w\u00e4hrend der dritte Mann mit einem Mikrofon in der Hand spricht.\" role=\"img\" ><\/div>\n\t\t\t\t\t\t\t\t\t\t\t<div class=\"elementor-gallery-item__overlay\"><\/div>\n\t\t\t\t\t\t\t\t\t\t\t\t\t\t<\/div>\n\t\t\t\t\t\t\t<div class=\"e-gallery-item elementor-gallery-item elementor-animated-content\">\n\t\t\t\t\t<div class=\"e-gallery-image elementor-gallery-item__image\" data-thumbnail=\"https:\/\/www.brueggen.com\/wp-content\/uploads\/sites\/5\/2025\/09\/250907_Brueggen-Sommerfest-2025-Bilder_MG_1868-200x300.jpg\" data-width=\"200\" data-height=\"300\" aria-label=\"Das Bild zeigt einen Jungen, wie er auf einem Trampolin mit Gurten springt.\" role=\"img\" ><\/div>\n\t\t\t\t\t\t\t\t\t\t\t<div class=\"elementor-gallery-item__overlay\"><\/div>\n\t\t\t\t\t\t\t\t\t\t\t\t\t\t<\/div>\n\t\t\t\t\t\t\t<div class=\"e-gallery-item elementor-gallery-item elementor-animated-content\">\n\t\t\t\t\t<div class=\"e-gallery-image elementor-gallery-item__image\" data-thumbnail=\"https:\/\/www.brueggen.com\/wp-content\/uploads\/sites\/5\/2025\/09\/250907_Brueggen-Sommerfest-2025-Bilder_MG_0382-300x200.jpg\" data-width=\"300\" data-height=\"200\" aria-label=\"Das Bild zeigt einen Crepe-Stand, vor dem mehrere Erwachsene und Kinder stehen.\" role=\"img\" ><\/div>\n\t\t\t\t\t\t\t\t\t\t\t<div class=\"elementor-gallery-item__overlay\"><\/div>\n\t\t\t\t\t\t\t\t\t\t\t\t\t\t<\/div>\n\t\t\t\t\t\t\t<div class=\"e-gallery-item elementor-gallery-item elementor-animated-content\">\n\t\t\t\t\t<div class=\"e-gallery-image elementor-gallery-item__image\" data-thumbnail=\"https:\/\/www.brueggen.com\/wp-content\/uploads\/sites\/5\/2025\/09\/250907_Brueggen-Sommerfest-2025-Bilder_MG_0648-2-240x300.jpg\" data-width=\"240\" data-height=\"300\" aria-label=\"Das Bild zeigt, wie ein Junge einem kleinen M\u00e4dchen beim Pedalo unter die Arme greift und sie unterst\u00fctzt.\" role=\"img\" ><\/div>\n\t\t\t\t\t\t\t\t\t\t\t<div class=\"elementor-gallery-item__overlay\"><\/div>\n\t\t\t\t\t\t\t\t\t\t\t\t\t\t<\/div>\n\t\t\t\t\t<\/div>\n\t\t\t\t\t<\/div>\n\t\t\t\t\t<\/div>\n\t\t\t\t<\/div>\n\t\t<div class=\"elementor-element elementor-element-12ca9e2 e-flex e-con-boxed e-con e-parent\" data-id=\"12ca9e2\" data-element_type=\"container\" data-e-type=\"container\">\n\t\t\t\t\t<div class=\"e-con-inner\">\n\t\t\t\t<div class=\"elementor-element elementor-element-dd15cfc elementor-widget elementor-widget-text-editor\" data-id=\"dd15cfc\" data-element_type=\"widget\" data-e-type=\"widget\" data-widget_type=\"text-editor.default\">\n\t\t\t\t\t\t\t\t\t<h3 class=\"p1\">Ein gelungener Start<\/h3><p>Zum Auftakt hie\u00df die Gesch\u00e4ftsleitung alle G\u00e4ste herzlich willkommen und bedankte sich bei den Mitarbeitenden f\u00fcr ihr Engagement und die gro\u00dfartige Arbeit im vergangenen Jahr. Danach wurde das vielf\u00e4ltige Buffet er\u00f6ffnet: Von Spanferkel und herzhaften Delikatessen \u00fcber Cr\u00eapes und Muzen bis hin zu erfrischendem Eis war f\u00fcr jeden Geschmack etwas dabei. Nat\u00fcrlich durften auch k\u00fchle Getr\u00e4nke nicht fehlen.<\/p><h3>Ein Fest f\u00fcr alle Generationen<\/h3><p>Das abwechslungsreiche Programm sorgte f\u00fcr Freude bei Jung und Alt. Kinder konnten sich an den Spielstationen austoben, w\u00e4hrend sich auch die Erwachsenen spannende Matches beim Bungee-Run oder Fu\u00dfball-Darts lieferten. Bei leckeren und erfrischenden Getr\u00e4nken in der Sonne ergaben sich zahlreiche Gelegenheiten, Kolleginnen und Kollegen abseits des Arbeitsalltags zu treffen und neue Kontakte zu kn\u00fcpfen. Auch f\u00fcr neue Mitarbeitende war das Fest eine sch\u00f6ne M\u00f6glichkeit, schnell ins Gespr\u00e4ch zu kommen und sich willkommen zu f\u00fchlen.<\/p>\t\t\t\t\t\t\t\t<\/div>\n\t\t\t\t\t<\/div>\n\t\t\t\t<\/div>\n\t\t<div class=\"elementor-element elementor-element-647db6e e-flex e-con-boxed e-con e-parent\" data-id=\"647db6e\" data-element_type=\"container\" data-e-type=\"container\">\n\t\t\t\t\t<div class=\"e-con-inner\">\n\t\t\t\t<div class=\"elementor-element elementor-element-9e7df6d elementor-widget elementor-widget-gallery\" data-id=\"9e7df6d\" data-element_type=\"widget\" data-e-type=\"widget\" data-settings=\"{&quot;gallery_layout&quot;:&quot;justified&quot;,&quot;ideal_row_height&quot;:{&quot;unit&quot;:&quot;px&quot;,&quot;size&quot;:200,&quot;sizes&quot;:[]},&quot;ideal_row_height_tablet&quot;:{&quot;unit&quot;:&quot;px&quot;,&quot;size&quot;:150,&quot;sizes&quot;:[]},&quot;ideal_row_height_mobile&quot;:{&quot;unit&quot;:&quot;px&quot;,&quot;size&quot;:150,&quot;sizes&quot;:[]},&quot;gap&quot;:{&quot;unit&quot;:&quot;px&quot;,&quot;size&quot;:10,&quot;sizes&quot;:[]},&quot;gap_tablet&quot;:{&quot;unit&quot;:&quot;px&quot;,&quot;size&quot;:10,&quot;sizes&quot;:[]},&quot;gap_mobile&quot;:{&quot;unit&quot;:&quot;px&quot;,&quot;size&quot;:10,&quot;sizes&quot;:[]},&quot;overlay_background&quot;:&quot;yes&quot;,&quot;content_hover_animation&quot;:&quot;fade-in&quot;}\" data-widget_type=\"gallery.default\">\n\t\t\t\t\t\t\t<div class=\"elementor-gallery__container\">\n\t\t\t\t\t\t\t<div class=\"e-gallery-item elementor-gallery-item elementor-animated-content\">\n\t\t\t\t\t<div class=\"e-gallery-image elementor-gallery-item__image\" data-thumbnail=\"https:\/\/www.brueggen.com\/wp-content\/uploads\/sites\/5\/2025\/09\/250907_Brueggen-Sommerfest-2025-Bilder_MG_0340-2-240x300.jpg\" data-width=\"240\" data-height=\"300\" aria-label=\"Das Bild zeigt einen Kickertisch im Fokus. Im Hintergrund stehen Menschen an Stehtischen.\" role=\"img\" ><\/div>\n\t\t\t\t\t\t\t\t\t\t\t<div class=\"elementor-gallery-item__overlay\"><\/div>\n\t\t\t\t\t\t\t\t\t\t\t\t\t\t<\/div>\n\t\t\t\t\t\t\t<div class=\"e-gallery-item elementor-gallery-item elementor-animated-content\">\n\t\t\t\t\t<div class=\"e-gallery-image elementor-gallery-item__image\" data-thumbnail=\"https:\/\/www.brueggen.com\/wp-content\/uploads\/sites\/5\/2025\/09\/250907_Brueggen-Sommerfest-2025-Bilder_MG_0594-2-240x300.jpg\" data-width=\"240\" data-height=\"300\" aria-label=\"Ein kleines M\u00e4dchen sitzt im Rasen und spielt mit XXL-Legosteinen.\" role=\"img\" ><\/div>\n\t\t\t\t\t\t\t\t\t\t\t<div class=\"elementor-gallery-item__overlay\"><\/div>\n\t\t\t\t\t\t\t\t\t\t\t\t\t\t<\/div>\n\t\t\t\t\t\t\t<div class=\"e-gallery-item elementor-gallery-item elementor-animated-content\">\n\t\t\t\t\t<div class=\"e-gallery-image elementor-gallery-item__image\" data-thumbnail=\"https:\/\/www.brueggen.com\/wp-content\/uploads\/sites\/5\/2025\/09\/250907_Brueggen-Sommerfest-2025-Bilder_MG_0342-300x200.jpg\" data-width=\"300\" data-height=\"200\" aria-label=\"Vier Erwachsene stehen mit dem R\u00fccken zur Kamera, w\u00e4hrend sie Fu\u00dfball-Dart im Garten spielen.\" role=\"img\" ><\/div>\n\t\t\t\t\t\t\t\t\t\t\t<div class=\"elementor-gallery-item__overlay\"><\/div>\n\t\t\t\t\t\t\t\t\t\t\t\t\t\t<\/div>\n\t\t\t\t\t\t\t<div class=\"e-gallery-item elementor-gallery-item elementor-animated-content\">\n\t\t\t\t\t<div class=\"e-gallery-image elementor-gallery-item__image\" data-thumbnail=\"https:\/\/www.brueggen.com\/wp-content\/uploads\/sites\/5\/2025\/09\/250907_Brueggen-Sommerfest-2025-Bilder_MG_0712-e1758802316505-300x264.jpg\" data-width=\"300\" data-height=\"264\" aria-label=\"Eine gemischte Gruppe von Personen steht beieinander f\u00fcr ein Foto. Sie l\u00e4cheln in eine weitere Kamera.\" role=\"img\" ><\/div>\n\t\t\t\t\t\t\t\t\t\t\t<div class=\"elementor-gallery-item__overlay\"><\/div>\n\t\t\t\t\t\t\t\t\t\t\t\t\t\t<\/div>\n\t\t\t\t\t<\/div>\n\t\t\t\t\t<\/div>\n\t\t\t\t\t<\/div>\n\t\t\t\t<\/div>\n\t\t<div class=\"elementor-element elementor-element-ac42f35 e-flex e-con-boxed e-con e-parent\" data-id=\"ac42f35\" data-element_type=\"container\" data-e-type=\"container\">\n\t\t\t\t\t<div class=\"e-con-inner\">\n\t\t\t\t<div class=\"elementor-element elementor-element-4629e0c elementor-widget elementor-widget-text-editor\" data-id=\"4629e0c\" data-element_type=\"widget\" data-e-type=\"widget\" data-widget_type=\"text-editor.default\">\n\t\t\t\t\t\t\t\t\t<h3 class=\"p1\">Dank und Ausblick<\/h3><p>Mit guter Stimmung, tollem Wetter und vielen gl\u00fccklichen Gesichtern war das Sommerfest 2025 ein voller Erfolg. Es hat uns als #TheCerealFamily noch enger zusammengebracht und gezeigt, wie wichtig gemeinsame Momente sind.<br \/><strong>Ein herzliches Dankesch\u00f6n geht an alle, die das Fest organisiert haben, und an alle, die dabei waren und diesen Tag unvergesslich gemacht haben.<\/strong><\/p>\t\t\t\t\t\t\t\t<\/div>\n\t\t\t\t\t<\/div>\n\t\t\t\t<\/div>\n\t\t\t\t<\/div>\n\t\t","protected":false},"excerpt":{"rendered":"<p>Br\u00fcggen feiert ein gelungenes Sommerfest mit Mitarbeitenden, Familien und Freunden.<\/p>\n","protected":false},"author":54,"featured_media":32078,"comment_status":"open","ping_status":"open","sticky":false,"template":"","format":"standard","meta":{"_kad_post_transparent":"","_kad_post_title":"","_kad_post_layout":"","_kad_post_sidebar_id":"","_kad_post_content_style":"","_kad_post_vertical_padding":"","_kad_post_feature":"","_kad_post_feature_position":"","_kad_post_header":false,"_kad_post_footer":false,"footnotes":""},"categories":[1],"tags":[],"class_list":["post-32001","post","type-post","status-publish","format-standard","has-post-thumbnail","hentry","category-allgemein"],"_links":{"self":[{"href":"https:\/\/www.brueggen.com\/de\/wp-json\/wp\/v2\/posts\/32001","targetHints":{"allow":["GET"]}}],"collection":[{"href":"https:\/\/www.brueggen.com\/de\/wp-json\/wp\/v2\/posts"}],"about":[{"href":"https:\/\/www.brueggen.com\/de\/wp-json\/wp\/v2\/types\/post"}],"author":[{"embeddable":true,"href":"https:\/\/www.brueggen.com\/de\/wp-json\/wp\/v2\/users\/54"}],"replies":[{"embeddable":true,"href":"https:\/\/www.brueggen.com\/de\/wp-json\/wp\/v2\/comments?post=32001"}],"version-history":[{"count":28,"href":"https:\/\/www.brueggen.com\/de\/wp-json\/wp\/v2\/posts\/32001\/revisions"}],"predecessor-version":[{"id":33396,"href":"https:\/\/www.brueggen.com\/de\/wp-json\/wp\/v2\/posts\/32001\/revisions\/33396"}],"wp:featuredmedia":[{"embeddable":true,"href":"https:\/\/www.brueggen.com\/de\/wp-json\/wp\/v2\/media\/32078"}],"wp:attachment":[{"href":"https:\/\/www.brueggen.com\/de\/wp-json\/wp\/v2\/media?parent=32001"}],"wp:term":[{"taxonomy":"category","embeddable":true,"href":"https:\/\/www.brueggen.com\/de\/wp-json\/wp\/v2\/categories?post=32001"},{"taxonomy":"post_tag","embeddable":true,"href":"https:\/\/www.brueggen.com\/de\/wp-json\/wp\/v2\/tags?post=32001"}],"curies":[{"name":"wp","href":"https:\/\/api.w.org\/{rel}","templated":true}]}}